{"id":450,"date":"2026-03-31T14:46:00","date_gmt":"2026-03-31T12:46:00","guid":{"rendered":"https:\/\/stowarzyszenie-dzieckoirodzina.pl\/swietlica\/?p=450"},"modified":"2026-04-01T14:49:38","modified_gmt":"2026-04-01T12:49:38","slug":"poszukiwanie-oznak-wiosny","status":"publish","type":"post","link":"https:\/\/stowarzyszenie-dzieckoirodzina.pl\/swietlica\/2026\/03\/31\/poszukiwanie-oznak-wiosny\/","title":{"rendered":"Poszukiwanie oznak wiosny."},"content":{"rendered":"","protected":true},"excerpt":{"rendered":"","protected":true},"author":1,"featured_media":0,"comment_status":"open","ping_status":"open","sticky":false,"template":"","format":"standard","meta":{"footnotes":""},"categories":[1],"tags":[],"class_list":["post-450","post","type-post","status-publish","format-standard","post-password-required","hentry","category-bez-kategorii"],"yoast_head":"<!-- This site is optimized with the Yoast SEO plugin v26.4 - https:\/\/yoast.com\/wordpress\/plugins\/seo\/ -->\n<title>Poszukiwanie oznak wiosny. - Katolickie Stowarzyszenie Opieki nad Dzieckiem i Rodzin\u0105 Imienia \u015aw Alberta<\/title>\n<meta name=\"robots\" content=\"index, follow, max-snippet:-1, max-image-preview:large, max-video-preview:-1\" \/>\n<link rel=\"canonical\" href=\"https:\/\/stowarzyszenie-dzieckoirodzina.pl\/swietlica\/2026\/03\/31\/poszukiwanie-oznak-wiosny\/\" \/>\n<meta property=\"og:locale\" content=\"pl_PL\" \/>\n<meta property=\"og:type\" content=\"article\" \/>\n<meta property=\"og:title\" content=\"Poszukiwanie oznak wiosny. - Katolickie Stowarzyszenie Opieki nad Dzieckiem i Rodzin\u0105 Imienia \u015aw Alberta\" \/>\n<meta property=\"og:description\" content=\"Brak zajawki, poniewa\u017c wpis jest zabezpieczony has\u0142em.\" \/>\n<meta property=\"og:url\" content=\"https:\/\/stowarzyszenie-dzieckoirodzina.pl\/swietlica\/2026\/03\/31\/poszukiwanie-oznak-wiosny\/\" \/>\n<meta property=\"og:site_name\" content=\"Katolickie Stowarzyszenie Opieki nad Dzieckiem i Rodzin\u0105 Imienia \u015aw Alberta\" \/>\n<meta property=\"article:published_time\" content=\"2026-03-31T12:46:00+00:00\" \/>\n<meta property=\"article:modified_time\" content=\"2026-04-01T12:49:38+00:00\" \/>\n<meta name=\"author\" content=\"admin\" \/>\n<meta name=\"twitter:card\" content=\"summary_large_image\" \/>\n<meta name=\"twitter:label1\" content=\"Napisane przez\" \/>\n\t<meta name=\"twitter:data1\" content=\"admin\" \/>\n\t<meta name=\"twitter:label2\" content=\"Szacowany czas czytania\" \/>\n\t<meta name=\"twitter:data2\" content=\"4 minuty\" \/>\n<script type=\"application\/ld+json\" class=\"yoast-schema-graph\">{\"@context\":\"https:\/\/schema.org\",\"@graph\":[{\"@type\":\"WebPage\",\"@id\":\"https:\/\/stowarzyszenie-dzieckoirodzina.pl\/swietlica\/2026\/03\/31\/poszukiwanie-oznak-wiosny\/\",\"url\":\"https:\/\/stowarzyszenie-dzieckoirodzina.pl\/swietlica\/2026\/03\/31\/poszukiwanie-oznak-wiosny\/\",\"name\":\"Poszukiwanie oznak wiosny. - Katolickie Stowarzyszenie Opieki nad Dzieckiem i Rodzin\u0105 Imienia \u015aw Alberta\",\"isPartOf\":{\"@id\":\"https:\/\/stowarzyszenie-dzieckoirodzina.pl\/swietlica\/#website\"},\"datePublished\":\"2026-03-31T12:46:00+00:00\",\"dateModified\":\"2026-04-01T12:49:38+00:00\",\"breadcrumb\":{\"@id\":\"https:\/\/stowarzyszenie-dzieckoirodzina.pl\/swietlica\/2026\/03\/31\/poszukiwanie-oznak-wiosny\/#breadcrumb\"},\"inLanguage\":\"pl-PL\"},{\"@type\":\"WebSite\",\"@id\":\"https:\/\/stowarzyszenie-dzieckoirodzina.pl\/swietlica\/#website\",\"url\":\"https:\/\/stowarzyszenie-dzieckoirodzina.pl\/swietlica\/\",\"name\":\"Katolickie Stowarzyszenie Opieki nad Dzieckiem i Rodzin\u0105 Imienia \u015aw Alberta\",\"description\":\"T\u0119czowa \u015awietlica\",\"potentialAction\":[{\"@type\":\"SearchAction\",\"target\":{\"@type\":\"EntryPoint\",\"urlTemplate\":\"https:\/\/stowarzyszenie-dzieckoirodzina.pl\/swietlica\/?s={search_term_string}\"},\"query-input\":{\"@type\":\"PropertyValueSpecification\",\"valueRequired\":true,\"valueName\":\"search_term_string\"}}],\"inLanguage\":\"pl-PL\"}]}<\/script>\n<!-- \/ Yoast SEO plugin. -->","yoast_head_json":{"title":"Poszukiwanie oznak wiosny. - Katolickie Stowarzyszenie Opieki nad Dzieckiem i Rodzin\u0105 Imienia \u015aw Alberta","robots":{"index":"index","follow":"follow","max-snippet":"max-snippet:-1","max-image-preview":"max-image-preview:large","max-video-preview":"max-video-preview:-1"},"canonical":"https:\/\/stowarzyszenie-dzieckoirodzina.pl\/swietlica\/2026\/03\/31\/poszukiwanie-oznak-wiosny\/","og_locale":"pl_PL","og_type":"article","og_title":"Poszukiwanie oznak wiosny. - Katolickie Stowarzyszenie Opieki nad Dzieckiem i Rodzin\u0105 Imienia \u015aw Alberta","og_description":"Brak zajawki, poniewa\u017c wpis jest zabezpieczony has\u0142em.","og_url":"https:\/\/stowarzyszenie-dzieckoirodzina.pl\/swietlica\/2026\/03\/31\/poszukiwanie-oznak-wiosny\/","og_site_name":"Katolickie Stowarzyszenie Opieki nad Dzieckiem i Rodzin\u0105 Imienia \u015aw Alberta","article_published_time":"2026-03-31T12:46:00+00:00","article_modified_time":"2026-04-01T12:49:38+00:00","author":"admin","twitter_card":"summary_large_image","twitter_misc":{"Napisane przez":"admin","Szacowany czas czytania":"4 minuty"},"schema":{"@context":"https:\/\/schema.org","@graph":[{"@type":"WebPage","@id":"https:\/\/stowarzyszenie-dzieckoirodzina.pl\/swietlica\/2026\/03\/31\/poszukiwanie-oznak-wiosny\/","url":"https:\/\/stowarzyszenie-dzieckoirodzina.pl\/swietlica\/2026\/03\/31\/poszukiwanie-oznak-wiosny\/","name":"Poszukiwanie oznak wiosny. - Katolickie Stowarzyszenie Opieki nad Dzieckiem i Rodzin\u0105 Imienia \u015aw Alberta","isPartOf":{"@id":"https:\/\/stowarzyszenie-dzieckoirodzina.pl\/swietlica\/#website"},"datePublished":"2026-03-31T12:46:00+00:00","dateModified":"2026-04-01T12:49:38+00:00","breadcrumb":{"@id":"https:\/\/stowarzyszenie-dzieckoirodzina.pl\/swietlica\/2026\/03\/31\/poszukiwanie-oznak-wiosny\/#breadcrumb"},"inLanguage":"pl-PL"},{"@type":"WebSite","@id":"https:\/\/stowarzyszenie-dzieckoirodzina.pl\/swietlica\/#website","url":"https:\/\/stowarzyszenie-dzieckoirodzina.pl\/swietlica\/","name":"Katolickie Stowarzyszenie Opieki nad Dzieckiem i Rodzin\u0105 Imienia \u015aw Alberta","description":"T\u0119czowa \u015awietlica","potentialAction":[{"@type":"SearchAction","target":{"@type":"EntryPoint","urlTemplate":"https:\/\/stowarzyszenie-dzieckoirodzina.pl\/swietlica\/?s={search_term_string}"},"query-input":{"@type":"PropertyValueSpecification","valueRequired":true,"valueName":"search_term_string"}}],"inLanguage":"pl-PL"}]}},"_links":{"self":[{"href":"https:\/\/stowarzyszenie-dzieckoirodzina.pl\/swietlica\/wp-json\/wp\/v2\/posts\/450","targetHints":{"allow":["GET"]}}],"collection":[{"href":"https:\/\/stowarzyszenie-dzieckoirodzina.pl\/swietlica\/wp-json\/wp\/v2\/posts"}],"about":[{"href":"https:\/\/stowarzyszenie-dzieckoirodzina.pl\/swietlica\/wp-json\/wp\/v2\/types\/post"}],"author":[{"embeddable":true,"href":"https:\/\/stowarzyszenie-dzieckoirodzina.pl\/swietlica\/wp-json\/wp\/v2\/users\/1"}],"replies":[{"embeddable":true,"href":"https:\/\/stowarzyszenie-dzieckoirodzina.pl\/swietlica\/wp-json\/wp\/v2\/comments?post=450"}],"version-history":[{"count":1,"href":"https:\/\/stowarzyszenie-dzieckoirodzina.pl\/swietlica\/wp-json\/wp\/v2\/posts\/450\/revisions"}],"predecessor-version":[{"id":451,"href":"https:\/\/stowarzyszenie-dzieckoirodzina.pl\/swietlica\/wp-json\/wp\/v2\/posts\/450\/revisions\/451"}],"wp:attachment":[{"href":"https:\/\/stowarzyszenie-dzieckoirodzina.pl\/swietlica\/wp-json\/wp\/v2\/media?parent=450"}],"wp:term":[{"taxonomy":"category","embeddable":true,"href":"https:\/\/stowarzyszenie-dzieckoirodzina.pl\/swietlica\/wp-json\/wp\/v2\/categories?post=450"},{"taxonomy":"post_tag","embeddable":true,"href":"https:\/\/stowarzyszenie-dzieckoirodzina.pl\/swietlica\/wp-json\/wp\/v2\/tags?post=450"}],"curies":[{"name":"wp","href":"https:\/\/api.w.org\/{rel}","templated":true}]}}