{"id":454,"date":"2026-04-02T14:24:38","date_gmt":"2026-04-02T12:24:38","guid":{"rendered":"https:\/\/stowarzyszenie-dzieckoirodzina.pl\/swietlica\/?p=454"},"modified":"2026-04-02T14:24:38","modified_gmt":"2026-04-02T12:24:38","slug":"z-okazji-nadchodzacych-swiat-wielkanocnych-skladamy-panstwu-najserdeczniejsze-zyczenia-duzo-spokoju-wiary-w-lepsze-jutro-oraz-radosci-ktora-niosa-ze-soba-wiosenne-dni-niech-ten-czas-spedzony-w-gr","status":"publish","type":"post","link":"https:\/\/stowarzyszenie-dzieckoirodzina.pl\/swietlica\/2026\/04\/02\/z-okazji-nadchodzacych-swiat-wielkanocnych-skladamy-panstwu-najserdeczniejsze-zyczenia-duzo-spokoju-wiary-w-lepsze-jutro-oraz-radosci-ktora-niosa-ze-soba-wiosenne-dni-niech-ten-czas-spedzony-w-gr\/","title":{"rendered":"Z okazji nadchodz\u0105cych \u015awi\u0105t Wielkanocnych, sk\u0142adamy Pa\u0144stwu najserdeczniejsze \u017cyczenia: du\u017co spokoju, wiary w lepsze jutro oraz rado\u015bci, kt\u00f3r\u0105 nios\u0105 ze sob\u0105 wiosenne dni. Niech ten czas sp\u0119dzony w gronie najbli\u017cszych b\u0119dzie pe\u0142en ciep\u0142a i wzajemnej \u017cyczliwo\u015bci."},"content":{"rendered":"\n<figure class=\"wp-block-gallery has-nested-images columns-default is-cropped wp-block-gallery-1 is-layout-flex wp-block-gallery-is-layout-flex\">\n<figure class=\"wp-block-image size-large\"><img fetchpriority=\"high\" decoding=\"async\" width=\"706\" height=\"529\" data-id=\"453\" src=\"https:\/\/stowarzyszenie-dzieckoirodzina.pl\/swietlica\/wp-content\/uploads\/sites\/2\/2026\/04\/Plik_004.jpeg\" alt=\"\" class=\"wp-image-453\"\/><\/figure>\n\n\n\n<figure class=\"wp-block-image size-large\"><img decoding=\"async\" width=\"678\" height=\"784\" data-id=\"452\" src=\"https:\/\/stowarzyszenie-dzieckoirodzina.pl\/swietlica\/wp-content\/uploads\/sites\/2\/2026\/04\/IMG_3076.jpg\" alt=\"\" class=\"wp-image-452\"\/><\/figure>\n<\/figure>\n","protected":false},"excerpt":{"rendered":"","protected":false},"author":1,"featured_media":0,"comment_status":"open","ping_status":"open","sticky":false,"template":"","format":"standard","meta":{"footnotes":""},"categories":[1],"tags":[],"class_list":["post-454","post","type-post","status-publish","format-standard","hentry","category-bez-kategorii"],"yoast_head":"<!-- This site is optimized with the Yoast SEO plugin v26.4 - https:\/\/yoast.com\/wordpress\/plugins\/seo\/ -->\n<title>Z okazji nadchodz\u0105cych \u015awi\u0105t Wielkanocnych, sk\u0142adamy Pa\u0144stwu najserdeczniejsze \u017cyczenia: du\u017co spokoju, wiary w lepsze jutro oraz rado\u015bci, kt\u00f3r\u0105 nios\u0105 ze sob\u0105 wiosenne dni. Niech ten czas sp\u0119dzony w gronie najbli\u017cszych b\u0119dzie pe\u0142en ciep\u0142a i wzajemnej \u017cyczliwo\u015bci. - Katolickie Stowarzyszenie Opieki nad Dzieckiem i Rodzin\u0105 Imienia \u015aw Alberta<\/title>\n<meta name=\"robots\" content=\"index, follow, max-snippet:-1, max-image-preview:large, max-video-preview:-1\" \/>\n<link rel=\"canonical\" href=\"https:\/\/stowarzyszenie-dzieckoirodzina.pl\/swietlica\/2026\/04\/02\/z-okazji-nadchodzacych-swiat-wielkanocnych-skladamy-panstwu-najserdeczniejsze-zyczenia-duzo-spokoju-wiary-w-lepsze-jutro-oraz-radosci-ktora-niosa-ze-soba-wiosenne-dni-niech-ten-czas-spedzony-w-gr\/\" \/>\n<meta property=\"og:locale\" content=\"pl_PL\" \/>\n<meta property=\"og:type\" content=\"article\" \/>\n<meta property=\"og:title\" content=\"Z okazji nadchodz\u0105cych \u015awi\u0105t Wielkanocnych, sk\u0142adamy Pa\u0144stwu najserdeczniejsze \u017cyczenia: du\u017co spokoju, wiary w lepsze jutro oraz rado\u015bci, kt\u00f3r\u0105 nios\u0105 ze sob\u0105 wiosenne dni. Niech ten czas sp\u0119dzony w gronie najbli\u017cszych b\u0119dzie pe\u0142en ciep\u0142a i wzajemnej \u017cyczliwo\u015bci. - Katolickie Stowarzyszenie Opieki nad Dzieckiem i Rodzin\u0105 Imienia \u015aw Alberta\" \/>\n<meta property=\"og:url\" content=\"https:\/\/stowarzyszenie-dzieckoirodzina.pl\/swietlica\/2026\/04\/02\/z-okazji-nadchodzacych-swiat-wielkanocnych-skladamy-panstwu-najserdeczniejsze-zyczenia-duzo-spokoju-wiary-w-lepsze-jutro-oraz-radosci-ktora-niosa-ze-soba-wiosenne-dni-niech-ten-czas-spedzony-w-gr\/\" \/>\n<meta property=\"og:site_name\" content=\"Katolickie Stowarzyszenie Opieki nad Dzieckiem i Rodzin\u0105 Imienia \u015aw Alberta\" \/>\n<meta property=\"article:published_time\" content=\"2026-04-02T12:24:38+00:00\" \/>\n<meta property=\"og:image\" content=\"https:\/\/stowarzyszenie-dzieckoirodzina.pl\/swietlica\/wp-content\/uploads\/sites\/2\/2026\/04\/Plik_004.jpeg\" \/>\n\t<meta property=\"og:image:width\" content=\"706\" \/>\n\t<meta property=\"og:image:height\" content=\"529\" \/>\n\t<meta property=\"og:image:type\" content=\"image\/jpeg\" \/>\n<meta name=\"author\" content=\"admin\" \/>\n<meta name=\"twitter:card\" content=\"summary_large_image\" \/>\n<meta name=\"twitter:label1\" content=\"Napisane przez\" \/>\n\t<meta name=\"twitter:data1\" content=\"admin\" \/>\n\t<meta name=\"twitter:label2\" content=\"Szacowany czas czytania\" \/>\n\t<meta name=\"twitter:data2\" content=\"1 minuta\" \/>\n<script type=\"application\/ld+json\" class=\"yoast-schema-graph\">{\"@context\":\"https:\/\/schema.org\",\"@graph\":[{\"@type\":\"WebPage\",\"@id\":\"https:\/\/stowarzyszenie-dzieckoirodzina.pl\/swietlica\/2026\/04\/02\/z-okazji-nadchodzacych-swiat-wielkanocnych-skladamy-panstwu-najserdeczniejsze-zyczenia-duzo-spokoju-wiary-w-lepsze-jutro-oraz-radosci-ktora-niosa-ze-soba-wiosenne-dni-niech-ten-czas-spedzony-w-gr\/\",\"url\":\"https:\/\/stowarzyszenie-dzieckoirodzina.pl\/swietlica\/2026\/04\/02\/z-okazji-nadchodzacych-swiat-wielkanocnych-skladamy-panstwu-najserdeczniejsze-zyczenia-duzo-spokoju-wiary-w-lepsze-jutro-oraz-radosci-ktora-niosa-ze-soba-wiosenne-dni-niech-ten-czas-spedzony-w-gr\/\",\"name\":\"Z okazji nadchodz\u0105cych \u015awi\u0105t Wielkanocnych, sk\u0142adamy Pa\u0144stwu najserdeczniejsze \u017cyczenia: du\u017co spokoju, wiary w lepsze jutro oraz rado\u015bci, kt\u00f3r\u0105 nios\u0105 ze sob\u0105 wiosenne dni. Niech ten czas sp\u0119dzony w gronie najbli\u017cszych b\u0119dzie pe\u0142en ciep\u0142a i wzajemnej \u017cyczliwo\u015bci. - Katolickie Stowarzyszenie Opieki nad Dzieckiem i Rodzin\u0105 Imienia \u015aw Alberta\",\"isPartOf\":{\"@id\":\"https:\/\/stowarzyszenie-dzieckoirodzina.pl\/swietlica\/#website\"},\"primaryImageOfPage\":{\"@id\":\"https:\/\/stowarzyszenie-dzieckoirodzina.pl\/swietlica\/2026\/04\/02\/z-okazji-nadchodzacych-swiat-wielkanocnych-skladamy-panstwu-najserdeczniejsze-zyczenia-duzo-spokoju-wiary-w-lepsze-jutro-oraz-radosci-ktora-niosa-ze-soba-wiosenne-dni-niech-ten-czas-spedzony-w-gr\/#primaryimage\"},\"image\":{\"@id\":\"https:\/\/stowarzyszenie-dzieckoirodzina.pl\/swietlica\/2026\/04\/02\/z-okazji-nadchodzacych-swiat-wielkanocnych-skladamy-panstwu-najserdeczniejsze-zyczenia-duzo-spokoju-wiary-w-lepsze-jutro-oraz-radosci-ktora-niosa-ze-soba-wiosenne-dni-niech-ten-czas-spedzony-w-gr\/#primaryimage\"},\"thumbnailUrl\":\"https:\/\/stowarzyszenie-dzieckoirodzina.pl\/swietlica\/wp-content\/uploads\/sites\/2\/2026\/04\/Plik_004.jpeg\",\"datePublished\":\"2026-04-02T12:24:38+00:00\",\"author\":{\"@id\":\"https:\/\/stowarzyszenie-dzieckoirodzina.pl\/swietlica\/#\/schema\/person\/6b994e0813ca254c1fd40524374382ec\"},\"breadcrumb\":{\"@id\":\"https:\/\/stowarzyszenie-dzieckoirodzina.pl\/swietlica\/2026\/04\/02\/z-okazji-nadchodzacych-swiat-wielkanocnych-skladamy-panstwu-najserdeczniejsze-zyczenia-duzo-spokoju-wiary-w-lepsze-jutro-oraz-radosci-ktora-niosa-ze-soba-wiosenne-dni-niech-ten-czas-spedzony-w-gr\/#breadcrumb\"},\"inLanguage\":\"pl-PL\",\"potentialAction\":[{\"@type\":\"ReadAction\",\"target\":[\"https:\/\/stowarzyszenie-dzieckoirodzina.pl\/swietlica\/2026\/04\/02\/z-okazji-nadchodzacych-swiat-wielkanocnych-skladamy-panstwu-najserdeczniejsze-zyczenia-duzo-spokoju-wiary-w-lepsze-jutro-oraz-radosci-ktora-niosa-ze-soba-wiosenne-dni-niech-ten-czas-spedzony-w-gr\/\"]}]},{\"@type\":\"ImageObject\",\"inLanguage\":\"pl-PL\",\"@id\":\"https:\/\/stowarzyszenie-dzieckoirodzina.pl\/swietlica\/2026\/04\/02\/z-okazji-nadchodzacych-swiat-wielkanocnych-skladamy-panstwu-najserdeczniejsze-zyczenia-duzo-spokoju-wiary-w-lepsze-jutro-oraz-radosci-ktora-niosa-ze-soba-wiosenne-dni-niech-ten-czas-spedzony-w-gr\/#primaryimage\",\"url\":\"https:\/\/stowarzyszenie-dzieckoirodzina.pl\/swietlica\/wp-content\/uploads\/sites\/2\/2026\/04\/Plik_004.jpeg\",\"contentUrl\":\"https:\/\/stowarzyszenie-dzieckoirodzina.pl\/swietlica\/wp-content\/uploads\/sites\/2\/2026\/04\/Plik_004.jpeg\",\"width\":706,\"height\":529},{\"@type\":\"BreadcrumbList\",\"@id\":\"https:\/\/stowarzyszenie-dzieckoirodzina.pl\/swietlica\/2026\/04\/02\/z-okazji-nadchodzacych-swiat-wielkanocnych-skladamy-panstwu-najserdeczniejsze-zyczenia-duzo-spokoju-wiary-w-lepsze-jutro-oraz-radosci-ktora-niosa-ze-soba-wiosenne-dni-niech-ten-czas-spedzony-w-gr\/#breadcrumb\",\"itemListElement\":[{\"@type\":\"ListItem\",\"position\":1,\"name\":\"Strona g\u0142\u00f3wna\",\"item\":\"https:\/\/stowarzyszenie-dzieckoirodzina.pl\/swietlica\/\"},{\"@type\":\"ListItem\",\"position\":2,\"name\":\"Z okazji nadchodz\u0105cych \u015awi\u0105t Wielkanocnych, sk\u0142adamy Pa\u0144stwu najserdeczniejsze \u017cyczenia: du\u017co spokoju, wiary w lepsze jutro oraz rado\u015bci, kt\u00f3r\u0105 nios\u0105 ze sob\u0105 wiosenne dni. Niech ten czas sp\u0119dzony w gronie najbli\u017cszych b\u0119dzie pe\u0142en ciep\u0142a i wzajemnej \u017cyczliwo\u015bci.\"}]},{\"@type\":\"WebSite\",\"@id\":\"https:\/\/stowarzyszenie-dzieckoirodzina.pl\/swietlica\/#website\",\"url\":\"https:\/\/stowarzyszenie-dzieckoirodzina.pl\/swietlica\/\",\"name\":\"Katolickie Stowarzyszenie Opieki nad Dzieckiem i Rodzin\u0105 Imienia \u015aw Alberta\",\"description\":\"T\u0119czowa \u015awietlica\",\"potentialAction\":[{\"@type\":\"SearchAction\",\"target\":{\"@type\":\"EntryPoint\",\"urlTemplate\":\"https:\/\/stowarzyszenie-dzieckoirodzina.pl\/swietlica\/?s={search_term_string}\"},\"query-input\":{\"@type\":\"PropertyValueSpecification\",\"valueRequired\":true,\"valueName\":\"search_term_string\"}}],\"inLanguage\":\"pl-PL\"},{\"@type\":\"Person\",\"@id\":\"https:\/\/stowarzyszenie-dzieckoirodzina.pl\/swietlica\/#\/schema\/person\/6b994e0813ca254c1fd40524374382ec\",\"name\":\"admin\",\"image\":{\"@type\":\"ImageObject\",\"inLanguage\":\"pl-PL\",\"@id\":\"https:\/\/stowarzyszenie-dzieckoirodzina.pl\/swietlica\/#\/schema\/person\/image\/\",\"url\":\"https:\/\/secure.gravatar.com\/avatar\/bd51c076b273c1d464007bff849ae53e27aef06ef27dbb01145a8537bb2bcecb?s=96&d=mm&r=g\",\"contentUrl\":\"https:\/\/secure.gravatar.com\/avatar\/bd51c076b273c1d464007bff849ae53e27aef06ef27dbb01145a8537bb2bcecb?s=96&d=mm&r=g\",\"caption\":\"admin\"},\"sameAs\":[\"http:\/\/stowarzyszenie-dzieckoirodzina.pl\"],\"url\":\"https:\/\/stowarzyszenie-dzieckoirodzina.pl\/swietlica\/author\/admin\/\"}]}<\/script>\n<!-- \/ Yoast SEO plugin. -->","yoast_head_json":{"title":"Z okazji nadchodz\u0105cych \u015awi\u0105t Wielkanocnych, sk\u0142adamy Pa\u0144stwu najserdeczniejsze \u017cyczenia: du\u017co spokoju, wiary w lepsze jutro oraz rado\u015bci, kt\u00f3r\u0105 nios\u0105 ze sob\u0105 wiosenne dni. Niech ten czas sp\u0119dzony w gronie najbli\u017cszych b\u0119dzie pe\u0142en ciep\u0142a i wzajemnej \u017cyczliwo\u015bci. - Katolickie Stowarzyszenie Opieki nad Dzieckiem i Rodzin\u0105 Imienia \u015aw Alberta","robots":{"index":"index","follow":"follow","max-snippet":"max-snippet:-1","max-image-preview":"max-image-preview:large","max-video-preview":"max-video-preview:-1"},"canonical":"https:\/\/stowarzyszenie-dzieckoirodzina.pl\/swietlica\/2026\/04\/02\/z-okazji-nadchodzacych-swiat-wielkanocnych-skladamy-panstwu-najserdeczniejsze-zyczenia-duzo-spokoju-wiary-w-lepsze-jutro-oraz-radosci-ktora-niosa-ze-soba-wiosenne-dni-niech-ten-czas-spedzony-w-gr\/","og_locale":"pl_PL","og_type":"article","og_title":"Z okazji nadchodz\u0105cych \u015awi\u0105t Wielkanocnych, sk\u0142adamy Pa\u0144stwu najserdeczniejsze \u017cyczenia: du\u017co spokoju, wiary w lepsze jutro oraz rado\u015bci, kt\u00f3r\u0105 nios\u0105 ze sob\u0105 wiosenne dni. Niech ten czas sp\u0119dzony w gronie najbli\u017cszych b\u0119dzie pe\u0142en ciep\u0142a i wzajemnej \u017cyczliwo\u015bci. - Katolickie Stowarzyszenie Opieki nad Dzieckiem i Rodzin\u0105 Imienia \u015aw Alberta","og_url":"https:\/\/stowarzyszenie-dzieckoirodzina.pl\/swietlica\/2026\/04\/02\/z-okazji-nadchodzacych-swiat-wielkanocnych-skladamy-panstwu-najserdeczniejsze-zyczenia-duzo-spokoju-wiary-w-lepsze-jutro-oraz-radosci-ktora-niosa-ze-soba-wiosenne-dni-niech-ten-czas-spedzony-w-gr\/","og_site_name":"Katolickie Stowarzyszenie Opieki nad Dzieckiem i Rodzin\u0105 Imienia \u015aw Alberta","article_published_time":"2026-04-02T12:24:38+00:00","og_image":[{"width":706,"height":529,"url":"https:\/\/stowarzyszenie-dzieckoirodzina.pl\/swietlica\/wp-content\/uploads\/sites\/2\/2026\/04\/Plik_004.jpeg","type":"image\/jpeg"}],"author":"admin","twitter_card":"summary_large_image","twitter_misc":{"Napisane przez":"admin","Szacowany czas czytania":"1 minuta"},"schema":{"@context":"https:\/\/schema.org","@graph":[{"@type":"WebPage","@id":"https:\/\/stowarzyszenie-dzieckoirodzina.pl\/swietlica\/2026\/04\/02\/z-okazji-nadchodzacych-swiat-wielkanocnych-skladamy-panstwu-najserdeczniejsze-zyczenia-duzo-spokoju-wiary-w-lepsze-jutro-oraz-radosci-ktora-niosa-ze-soba-wiosenne-dni-niech-ten-czas-spedzony-w-gr\/","url":"https:\/\/stowarzyszenie-dzieckoirodzina.pl\/swietlica\/2026\/04\/02\/z-okazji-nadchodzacych-swiat-wielkanocnych-skladamy-panstwu-najserdeczniejsze-zyczenia-duzo-spokoju-wiary-w-lepsze-jutro-oraz-radosci-ktora-niosa-ze-soba-wiosenne-dni-niech-ten-czas-spedzony-w-gr\/","name":"Z okazji nadchodz\u0105cych \u015awi\u0105t Wielkanocnych, sk\u0142adamy Pa\u0144stwu najserdeczniejsze \u017cyczenia: du\u017co spokoju, wiary w lepsze jutro oraz rado\u015bci, kt\u00f3r\u0105 nios\u0105 ze sob\u0105 wiosenne dni. Niech ten czas sp\u0119dzony w gronie najbli\u017cszych b\u0119dzie pe\u0142en ciep\u0142a i wzajemnej \u017cyczliwo\u015bci. - Katolickie Stowarzyszenie Opieki nad Dzieckiem i Rodzin\u0105 Imienia \u015aw Alberta","isPartOf":{"@id":"https:\/\/stowarzyszenie-dzieckoirodzina.pl\/swietlica\/#website"},"primaryImageOfPage":{"@id":"https:\/\/stowarzyszenie-dzieckoirodzina.pl\/swietlica\/2026\/04\/02\/z-okazji-nadchodzacych-swiat-wielkanocnych-skladamy-panstwu-najserdeczniejsze-zyczenia-duzo-spokoju-wiary-w-lepsze-jutro-oraz-radosci-ktora-niosa-ze-soba-wiosenne-dni-niech-ten-czas-spedzony-w-gr\/#primaryimage"},"image":{"@id":"https:\/\/stowarzyszenie-dzieckoirodzina.pl\/swietlica\/2026\/04\/02\/z-okazji-nadchodzacych-swiat-wielkanocnych-skladamy-panstwu-najserdeczniejsze-zyczenia-duzo-spokoju-wiary-w-lepsze-jutro-oraz-radosci-ktora-niosa-ze-soba-wiosenne-dni-niech-ten-czas-spedzony-w-gr\/#primaryimage"},"thumbnailUrl":"https:\/\/stowarzyszenie-dzieckoirodzina.pl\/swietlica\/wp-content\/uploads\/sites\/2\/2026\/04\/Plik_004.jpeg","datePublished":"2026-04-02T12:24:38+00:00","author":{"@id":"https:\/\/stowarzyszenie-dzieckoirodzina.pl\/swietlica\/#\/schema\/person\/6b994e0813ca254c1fd40524374382ec"},"breadcrumb":{"@id":"https:\/\/stowarzyszenie-dzieckoirodzina.pl\/swietlica\/2026\/04\/02\/z-okazji-nadchodzacych-swiat-wielkanocnych-skladamy-panstwu-najserdeczniejsze-zyczenia-duzo-spokoju-wiary-w-lepsze-jutro-oraz-radosci-ktora-niosa-ze-soba-wiosenne-dni-niech-ten-czas-spedzony-w-gr\/#breadcrumb"},"inLanguage":"pl-PL","potentialAction":[{"@type":"ReadAction","target":["https:\/\/stowarzyszenie-dzieckoirodzina.pl\/swietlica\/2026\/04\/02\/z-okazji-nadchodzacych-swiat-wielkanocnych-skladamy-panstwu-najserdeczniejsze-zyczenia-duzo-spokoju-wiary-w-lepsze-jutro-oraz-radosci-ktora-niosa-ze-soba-wiosenne-dni-niech-ten-czas-spedzony-w-gr\/"]}]},{"@type":"ImageObject","inLanguage":"pl-PL","@id":"https:\/\/stowarzyszenie-dzieckoirodzina.pl\/swietlica\/2026\/04\/02\/z-okazji-nadchodzacych-swiat-wielkanocnych-skladamy-panstwu-najserdeczniejsze-zyczenia-duzo-spokoju-wiary-w-lepsze-jutro-oraz-radosci-ktora-niosa-ze-soba-wiosenne-dni-niech-ten-czas-spedzony-w-gr\/#primaryimage","url":"https:\/\/stowarzyszenie-dzieckoirodzina.pl\/swietlica\/wp-content\/uploads\/sites\/2\/2026\/04\/Plik_004.jpeg","contentUrl":"https:\/\/stowarzyszenie-dzieckoirodzina.pl\/swietlica\/wp-content\/uploads\/sites\/2\/2026\/04\/Plik_004.jpeg","width":706,"height":529},{"@type":"BreadcrumbList","@id":"https:\/\/stowarzyszenie-dzieckoirodzina.pl\/swietlica\/2026\/04\/02\/z-okazji-nadchodzacych-swiat-wielkanocnych-skladamy-panstwu-najserdeczniejsze-zyczenia-duzo-spokoju-wiary-w-lepsze-jutro-oraz-radosci-ktora-niosa-ze-soba-wiosenne-dni-niech-ten-czas-spedzony-w-gr\/#breadcrumb","itemListElement":[{"@type":"ListItem","position":1,"name":"Strona g\u0142\u00f3wna","item":"https:\/\/stowarzyszenie-dzieckoirodzina.pl\/swietlica\/"},{"@type":"ListItem","position":2,"name":"Z okazji nadchodz\u0105cych \u015awi\u0105t Wielkanocnych, sk\u0142adamy Pa\u0144stwu najserdeczniejsze \u017cyczenia: du\u017co spokoju, wiary w lepsze jutro oraz rado\u015bci, kt\u00f3r\u0105 nios\u0105 ze sob\u0105 wiosenne dni. Niech ten czas sp\u0119dzony w gronie najbli\u017cszych b\u0119dzie pe\u0142en ciep\u0142a i wzajemnej \u017cyczliwo\u015bci."}]},{"@type":"WebSite","@id":"https:\/\/stowarzyszenie-dzieckoirodzina.pl\/swietlica\/#website","url":"https:\/\/stowarzyszenie-dzieckoirodzina.pl\/swietlica\/","name":"Katolickie Stowarzyszenie Opieki nad Dzieckiem i Rodzin\u0105 Imienia \u015aw Alberta","description":"T\u0119czowa \u015awietlica","potentialAction":[{"@type":"SearchAction","target":{"@type":"EntryPoint","urlTemplate":"https:\/\/stowarzyszenie-dzieckoirodzina.pl\/swietlica\/?s={search_term_string}"},"query-input":{"@type":"PropertyValueSpecification","valueRequired":true,"valueName":"search_term_string"}}],"inLanguage":"pl-PL"},{"@type":"Person","@id":"https:\/\/stowarzyszenie-dzieckoirodzina.pl\/swietlica\/#\/schema\/person\/6b994e0813ca254c1fd40524374382ec","name":"admin","image":{"@type":"ImageObject","inLanguage":"pl-PL","@id":"https:\/\/stowarzyszenie-dzieckoirodzina.pl\/swietlica\/#\/schema\/person\/image\/","url":"https:\/\/secure.gravatar.com\/avatar\/bd51c076b273c1d464007bff849ae53e27aef06ef27dbb01145a8537bb2bcecb?s=96&d=mm&r=g","contentUrl":"https:\/\/secure.gravatar.com\/avatar\/bd51c076b273c1d464007bff849ae53e27aef06ef27dbb01145a8537bb2bcecb?s=96&d=mm&r=g","caption":"admin"},"sameAs":["http:\/\/stowarzyszenie-dzieckoirodzina.pl"],"url":"https:\/\/stowarzyszenie-dzieckoirodzina.pl\/swietlica\/author\/admin\/"}]}},"_links":{"self":[{"href":"https:\/\/stowarzyszenie-dzieckoirodzina.pl\/swietlica\/wp-json\/wp\/v2\/posts\/454","targetHints":{"allow":["GET"]}}],"collection":[{"href":"https:\/\/stowarzyszenie-dzieckoirodzina.pl\/swietlica\/wp-json\/wp\/v2\/posts"}],"about":[{"href":"https:\/\/stowarzyszenie-dzieckoirodzina.pl\/swietlica\/wp-json\/wp\/v2\/types\/post"}],"author":[{"embeddable":true,"href":"https:\/\/stowarzyszenie-dzieckoirodzina.pl\/swietlica\/wp-json\/wp\/v2\/users\/1"}],"replies":[{"embeddable":true,"href":"https:\/\/stowarzyszenie-dzieckoirodzina.pl\/swietlica\/wp-json\/wp\/v2\/comments?post=454"}],"version-history":[{"count":1,"href":"https:\/\/stowarzyszenie-dzieckoirodzina.pl\/swietlica\/wp-json\/wp\/v2\/posts\/454\/revisions"}],"predecessor-version":[{"id":455,"href":"https:\/\/stowarzyszenie-dzieckoirodzina.pl\/swietlica\/wp-json\/wp\/v2\/posts\/454\/revisions\/455"}],"wp:attachment":[{"href":"https:\/\/stowarzyszenie-dzieckoirodzina.pl\/swietlica\/wp-json\/wp\/v2\/media?parent=454"}],"wp:term":[{"taxonomy":"category","embeddable":true,"href":"https:\/\/stowarzyszenie-dzieckoirodzina.pl\/swietlica\/wp-json\/wp\/v2\/categories?post=454"},{"taxonomy":"post_tag","embeddable":true,"href":"https:\/\/stowarzyszenie-dzieckoirodzina.pl\/swietlica\/wp-json\/wp\/v2\/tags?post=454"}],"curies":[{"name":"wp","href":"https:\/\/api.w.org\/{rel}","templated":true}]}}