{"id":476,"date":"2026-03-31T13:53:00","date_gmt":"2026-03-31T11:53:00","guid":{"rendered":"https:\/\/stowarzyszenie-dzieckoirodzina.pl\/swietlica\/?p=476"},"modified":"2026-04-15T10:50:26","modified_gmt":"2026-04-15T08:50:26","slug":"powitanie-wiosny","status":"publish","type":"post","link":"https:\/\/stowarzyszenie-dzieckoirodzina.pl\/swietlica\/2026\/03\/31\/powitanie-wiosny\/","title":{"rendered":"Powitanie wiosny."},"content":{"rendered":"\n<figure class=\"wp-block-gallery has-nested-images columns-default is-cropped wp-block-gallery-1 is-layout-flex wp-block-gallery-is-layout-flex\">\n<figure class=\"wp-block-image size-large\"><img fetchpriority=\"high\" decoding=\"async\" width=\"1024\" height=\"1024\" data-id=\"462\" src=\"https:\/\/stowarzyszenie-dzieckoirodzina.pl\/swietlica\/wp-content\/uploads\/sites\/2\/2026\/04\/PHOTO-2026-04-10-10-02-113-1024x1024.jpg\" alt=\"\" class=\"wp-image-462\" srcset=\"https:\/\/stowarzyszenie-dzieckoirodzina.pl\/swietlica\/wp-content\/uploads\/sites\/2\/2026\/04\/PHOTO-2026-04-10-10-02-113-1024x1024.jpg 1024w, https:\/\/stowarzyszenie-dzieckoirodzina.pl\/swietlica\/wp-content\/uploads\/sites\/2\/2026\/04\/PHOTO-2026-04-10-10-02-113-300x300.jpg 300w, https:\/\/stowarzyszenie-dzieckoirodzina.pl\/swietlica\/wp-content\/uploads\/sites\/2\/2026\/04\/PHOTO-2026-04-10-10-02-113-150x150.jpg 150w, https:\/\/stowarzyszenie-dzieckoirodzina.pl\/swietlica\/wp-content\/uploads\/sites\/2\/2026\/04\/PHOTO-2026-04-10-10-02-113-768x768.jpg 768w\" sizes=\"(max-width: 1024px) 100vw, 1024px\" \/><\/figure>\n\n\n\n<figure class=\"wp-block-image size-large\"><img decoding=\"async\" width=\"1024\" height=\"1024\" data-id=\"461\" src=\"https:\/\/stowarzyszenie-dzieckoirodzina.pl\/swietlica\/wp-content\/uploads\/sites\/2\/2026\/04\/PHOTO-2026-04-10-10-02-111-1024x1024.jpg\" alt=\"\" class=\"wp-image-461\" srcset=\"https:\/\/stowarzyszenie-dzieckoirodzina.pl\/swietlica\/wp-content\/uploads\/sites\/2\/2026\/04\/PHOTO-2026-04-10-10-02-111-1024x1024.jpg 1024w, https:\/\/stowarzyszenie-dzieckoirodzina.pl\/swietlica\/wp-content\/uploads\/sites\/2\/2026\/04\/PHOTO-2026-04-10-10-02-111-300x300.jpg 300w, https:\/\/stowarzyszenie-dzieckoirodzina.pl\/swietlica\/wp-content\/uploads\/sites\/2\/2026\/04\/PHOTO-2026-04-10-10-02-111-150x150.jpg 150w, https:\/\/stowarzyszenie-dzieckoirodzina.pl\/swietlica\/wp-content\/uploads\/sites\/2\/2026\/04\/PHOTO-2026-04-10-10-02-111-768x768.jpg 768w\" sizes=\"(max-width: 1024px) 100vw, 1024px\" \/><\/figure>\n\n\n\n<figure class=\"wp-block-image size-large\"><img decoding=\"async\" width=\"789\" height=\"1024\" data-id=\"463\" src=\"https:\/\/stowarzyszenie-dzieckoirodzina.pl\/swietlica\/wp-content\/uploads\/sites\/2\/2026\/04\/PHOTO-2026-04-10-10-02-171-789x1024.jpg\" alt=\"\" class=\"wp-image-463\"\/><\/figure>\n\n\n\n<figure class=\"wp-block-image size-large\"><img loading=\"lazy\" decoding=\"async\" width=\"851\" height=\"1024\" data-id=\"465\" src=\"https:\/\/stowarzyszenie-dzieckoirodzina.pl\/swietlica\/wp-content\/uploads\/sites\/2\/2026\/04\/PHOTO-2026-04-10-10-02-173-851x1024.jpg\" alt=\"\" class=\"wp-image-465\"\/><\/figure>\n\n\n\n<figure class=\"wp-block-image size-large\"><img loading=\"lazy\" decoding=\"async\" width=\"1024\" height=\"1024\" data-id=\"472\" src=\"https:\/\/stowarzyszenie-dzieckoirodzina.pl\/swietlica\/wp-content\/uploads\/sites\/2\/2026\/04\/PHOTO-2026-04-10-10-02-21-1024x1024.jpg\" alt=\"\" class=\"wp-image-472\" srcset=\"https:\/\/stowarzyszenie-dzieckoirodzina.pl\/swietlica\/wp-content\/uploads\/sites\/2\/2026\/04\/PHOTO-2026-04-10-10-02-21-1024x1024.jpg 1024w, https:\/\/stowarzyszenie-dzieckoirodzina.pl\/swietlica\/wp-content\/uploads\/sites\/2\/2026\/04\/PHOTO-2026-04-10-10-02-21-300x300.jpg 300w, https:\/\/stowarzyszenie-dzieckoirodzina.pl\/swietlica\/wp-content\/uploads\/sites\/2\/2026\/04\/PHOTO-2026-04-10-10-02-21-150x150.jpg 150w, https:\/\/stowarzyszenie-dzieckoirodzina.pl\/swietlica\/wp-content\/uploads\/sites\/2\/2026\/04\/PHOTO-2026-04-10-10-02-21-768x768.jpg 768w\" sizes=\"(max-width: 1024px) 100vw, 1024px\" \/><\/figure>\n\n\n\n<figure class=\"wp-block-image size-large\"><img loading=\"lazy\" decoding=\"async\" width=\"1024\" height=\"1024\" data-id=\"460\" src=\"https:\/\/stowarzyszenie-dzieckoirodzina.pl\/swietlica\/wp-content\/uploads\/sites\/2\/2026\/04\/PHOTO-2026-04-10-10-01-59-1024x1024.jpg\" alt=\"\" class=\"wp-image-460\" srcset=\"https:\/\/stowarzyszenie-dzieckoirodzina.pl\/swietlica\/wp-content\/uploads\/sites\/2\/2026\/04\/PHOTO-2026-04-10-10-01-59-1024x1024.jpg 1024w, https:\/\/stowarzyszenie-dzieckoirodzina.pl\/swietlica\/wp-content\/uploads\/sites\/2\/2026\/04\/PHOTO-2026-04-10-10-01-59-300x300.jpg 300w, https:\/\/stowarzyszenie-dzieckoirodzina.pl\/swietlica\/wp-content\/uploads\/sites\/2\/2026\/04\/PHOTO-2026-04-10-10-01-59-150x150.jpg 150w, https:\/\/stowarzyszenie-dzieckoirodzina.pl\/swietlica\/wp-content\/uploads\/sites\/2\/2026\/04\/PHOTO-2026-04-10-10-01-59-768x768.jpg 768w\" sizes=\"(max-width: 1024px) 100vw, 1024px\" \/><\/figure>\n\n\n\n<figure class=\"wp-block-image size-large\"><img loading=\"lazy\" decoding=\"async\" width=\"1024\" height=\"1024\" data-id=\"470\" src=\"https:\/\/stowarzyszenie-dzieckoirodzina.pl\/swietlica\/wp-content\/uploads\/sites\/2\/2026\/04\/PHOTO-2026-04-10-10-02-213-1024x1024.jpg\" alt=\"\" class=\"wp-image-470\" srcset=\"https:\/\/stowarzyszenie-dzieckoirodzina.pl\/swietlica\/wp-content\/uploads\/sites\/2\/2026\/04\/PHOTO-2026-04-10-10-02-213-1024x1024.jpg 1024w, https:\/\/stowarzyszenie-dzieckoirodzina.pl\/swietlica\/wp-content\/uploads\/sites\/2\/2026\/04\/PHOTO-2026-04-10-10-02-213-300x300.jpg 300w, https:\/\/stowarzyszenie-dzieckoirodzina.pl\/swietlica\/wp-content\/uploads\/sites\/2\/2026\/04\/PHOTO-2026-04-10-10-02-213-150x150.jpg 150w, https:\/\/stowarzyszenie-dzieckoirodzina.pl\/swietlica\/wp-content\/uploads\/sites\/2\/2026\/04\/PHOTO-2026-04-10-10-02-213-768x768.jpg 768w\" sizes=\"(max-width: 1024px) 100vw, 1024px\" \/><\/figure>\n\n\n\n<figure class=\"wp-block-image size-large\"><img loading=\"lazy\" decoding=\"async\" width=\"1024\" height=\"1024\" data-id=\"469\" src=\"https:\/\/stowarzyszenie-dzieckoirodzina.pl\/swietlica\/wp-content\/uploads\/sites\/2\/2026\/04\/PHOTO-2026-04-10-10-02-211-1024x1024.jpg\" alt=\"\" class=\"wp-image-469\" srcset=\"https:\/\/stowarzyszenie-dzieckoirodzina.pl\/swietlica\/wp-content\/uploads\/sites\/2\/2026\/04\/PHOTO-2026-04-10-10-02-211-1024x1024.jpg 1024w, https:\/\/stowarzyszenie-dzieckoirodzina.pl\/swietlica\/wp-content\/uploads\/sites\/2\/2026\/04\/PHOTO-2026-04-10-10-02-211-300x300.jpg 300w, https:\/\/stowarzyszenie-dzieckoirodzina.pl\/swietlica\/wp-content\/uploads\/sites\/2\/2026\/04\/PHOTO-2026-04-10-10-02-211-150x150.jpg 150w, https:\/\/stowarzyszenie-dzieckoirodzina.pl\/swietlica\/wp-content\/uploads\/sites\/2\/2026\/04\/PHOTO-2026-04-10-10-02-211-768x768.jpg 768w\" sizes=\"(max-width: 1024px) 100vw, 1024px\" \/><\/figure>\n\n\n\n<figure class=\"wp-block-image size-large\"><img loading=\"lazy\" decoding=\"async\" width=\"1024\" height=\"1013\" data-id=\"464\" src=\"https:\/\/stowarzyszenie-dzieckoirodzina.pl\/swietlica\/wp-content\/uploads\/sites\/2\/2026\/04\/PHOTO-2026-04-10-10-02-172-1024x1013.jpg\" alt=\"\" class=\"wp-image-464\"\/><\/figure>\n\n\n\n<figure class=\"wp-block-image size-large\"><img loading=\"lazy\" decoding=\"async\" width=\"1024\" height=\"1024\" data-id=\"473\" src=\"https:\/\/stowarzyszenie-dzieckoirodzina.pl\/swietlica\/wp-content\/uploads\/sites\/2\/2026\/04\/PHOTO-2026-04-10-10-02-221-1024x1024.jpg\" alt=\"\" class=\"wp-image-473\" srcset=\"https:\/\/stowarzyszenie-dzieckoirodzina.pl\/swietlica\/wp-content\/uploads\/sites\/2\/2026\/04\/PHOTO-2026-04-10-10-02-221-1024x1024.jpg 1024w, https:\/\/stowarzyszenie-dzieckoirodzina.pl\/swietlica\/wp-content\/uploads\/sites\/2\/2026\/04\/PHOTO-2026-04-10-10-02-221-300x300.jpg 300w, https:\/\/stowarzyszenie-dzieckoirodzina.pl\/swietlica\/wp-content\/uploads\/sites\/2\/2026\/04\/PHOTO-2026-04-10-10-02-221-150x150.jpg 150w, https:\/\/stowarzyszenie-dzieckoirodzina.pl\/swietlica\/wp-content\/uploads\/sites\/2\/2026\/04\/PHOTO-2026-04-10-10-02-221-768x768.jpg 768w\" sizes=\"(max-width: 1024px) 100vw, 1024px\" \/><\/figure>\n\n\n\n<figure class=\"wp-block-image size-large\"><img loading=\"lazy\" decoding=\"async\" width=\"1024\" height=\"1024\" data-id=\"471\" src=\"https:\/\/stowarzyszenie-dzieckoirodzina.pl\/swietlica\/wp-content\/uploads\/sites\/2\/2026\/04\/PHOTO-2026-04-10-10-02-214-1024x1024.jpg\" alt=\"\" class=\"wp-image-471\" srcset=\"https:\/\/stowarzyszenie-dzieckoirodzina.pl\/swietlica\/wp-content\/uploads\/sites\/2\/2026\/04\/PHOTO-2026-04-10-10-02-214-1024x1024.jpg 1024w, https:\/\/stowarzyszenie-dzieckoirodzina.pl\/swietlica\/wp-content\/uploads\/sites\/2\/2026\/04\/PHOTO-2026-04-10-10-02-214-300x300.jpg 300w, https:\/\/stowarzyszenie-dzieckoirodzina.pl\/swietlica\/wp-content\/uploads\/sites\/2\/2026\/04\/PHOTO-2026-04-10-10-02-214-150x150.jpg 150w, https:\/\/stowarzyszenie-dzieckoirodzina.pl\/swietlica\/wp-content\/uploads\/sites\/2\/2026\/04\/PHOTO-2026-04-10-10-02-214-768x768.jpg 768w\" sizes=\"(max-width: 1024px) 100vw, 1024px\" \/><\/figure>\n\n\n\n<figure class=\"wp-block-image size-large\"><img loading=\"lazy\" decoding=\"async\" width=\"1024\" height=\"1024\" data-id=\"468\" src=\"https:\/\/stowarzyszenie-dzieckoirodzina.pl\/swietlica\/wp-content\/uploads\/sites\/2\/2026\/04\/PHOTO-2026-04-10-10-02-18-1024x1024.jpg\" alt=\"\" class=\"wp-image-468\" srcset=\"https:\/\/stowarzyszenie-dzieckoirodzina.pl\/swietlica\/wp-content\/uploads\/sites\/2\/2026\/04\/PHOTO-2026-04-10-10-02-18-1024x1024.jpg 1024w, https:\/\/stowarzyszenie-dzieckoirodzina.pl\/swietlica\/wp-content\/uploads\/sites\/2\/2026\/04\/PHOTO-2026-04-10-10-02-18-300x300.jpg 300w, https:\/\/stowarzyszenie-dzieckoirodzina.pl\/swietlica\/wp-content\/uploads\/sites\/2\/2026\/04\/PHOTO-2026-04-10-10-02-18-150x150.jpg 150w, https:\/\/stowarzyszenie-dzieckoirodzina.pl\/swietlica\/wp-content\/uploads\/sites\/2\/2026\/04\/PHOTO-2026-04-10-10-02-18-768x768.jpg 768w\" sizes=\"(max-width: 1024px) 100vw, 1024px\" \/><\/figure>\n\n\n\n<figure class=\"wp-block-image size-large\"><img loading=\"lazy\" decoding=\"async\" width=\"1024\" height=\"1024\" data-id=\"467\" src=\"https:\/\/stowarzyszenie-dzieckoirodzina.pl\/swietlica\/wp-content\/uploads\/sites\/2\/2026\/04\/PHOTO-2026-04-10-10-02-181-1024x1024.jpg\" alt=\"\" class=\"wp-image-467\" srcset=\"https:\/\/stowarzyszenie-dzieckoirodzina.pl\/swietlica\/wp-content\/uploads\/sites\/2\/2026\/04\/PHOTO-2026-04-10-10-02-181-1024x1024.jpg 1024w, https:\/\/stowarzyszenie-dzieckoirodzina.pl\/swietlica\/wp-content\/uploads\/sites\/2\/2026\/04\/PHOTO-2026-04-10-10-02-181-300x300.jpg 300w, https:\/\/stowarzyszenie-dzieckoirodzina.pl\/swietlica\/wp-content\/uploads\/sites\/2\/2026\/04\/PHOTO-2026-04-10-10-02-181-150x150.jpg 150w, https:\/\/stowarzyszenie-dzieckoirodzina.pl\/swietlica\/wp-content\/uploads\/sites\/2\/2026\/04\/PHOTO-2026-04-10-10-02-181-768x768.jpg 768w\" sizes=\"(max-width: 1024px) 100vw, 1024px\" \/><\/figure>\n\n\n\n<figure class=\"wp-block-image size-large\"><img loading=\"lazy\" decoding=\"async\" width=\"1024\" height=\"1024\" data-id=\"474\" src=\"https:\/\/stowarzyszenie-dzieckoirodzina.pl\/swietlica\/wp-content\/uploads\/sites\/2\/2026\/04\/PHOTO-2026-04-10-10-02-22-1024x1024.jpg\" alt=\"\" class=\"wp-image-474\" srcset=\"https:\/\/stowarzyszenie-dzieckoirodzina.pl\/swietlica\/wp-content\/uploads\/sites\/2\/2026\/04\/PHOTO-2026-04-10-10-02-22-1024x1024.jpg 1024w, https:\/\/stowarzyszenie-dzieckoirodzina.pl\/swietlica\/wp-content\/uploads\/sites\/2\/2026\/04\/PHOTO-2026-04-10-10-02-22-300x300.jpg 300w, https:\/\/stowarzyszenie-dzieckoirodzina.pl\/swietlica\/wp-content\/uploads\/sites\/2\/2026\/04\/PHOTO-2026-04-10-10-02-22-150x150.jpg 150w, https:\/\/stowarzyszenie-dzieckoirodzina.pl\/swietlica\/wp-content\/uploads\/sites\/2\/2026\/04\/PHOTO-2026-04-10-10-02-22-768x768.jpg 768w\" sizes=\"(max-width: 1024px) 100vw, 1024px\" \/><\/figure>\n<\/figure>\n","protected":false},"excerpt":{"rendered":"","protected":false},"author":1,"featured_media":0,"comment_status":"open","ping_status":"open","sticky":false,"template":"","format":"standard","meta":{"footnotes":""},"categories":[1],"tags":[],"class_list":["post-476","post","type-post","status-publish","format-standard","hentry","category-bez-kategorii"],"yoast_head":"<!-- This site is optimized with the Yoast SEO plugin v26.4 - https:\/\/yoast.com\/wordpress\/plugins\/seo\/ -->\n<title>Powitanie wiosny. - Katolickie Stowarzyszenie Opieki nad Dzieckiem i Rodzin\u0105 Imienia \u015aw Alberta<\/title>\n<meta name=\"robots\" content=\"index, follow, max-snippet:-1, max-image-preview:large, max-video-preview:-1\" \/>\n<link rel=\"canonical\" href=\"https:\/\/stowarzyszenie-dzieckoirodzina.pl\/swietlica\/2026\/03\/31\/powitanie-wiosny\/\" \/>\n<meta property=\"og:locale\" content=\"pl_PL\" \/>\n<meta property=\"og:type\" content=\"article\" \/>\n<meta property=\"og:title\" content=\"Powitanie wiosny. - Katolickie Stowarzyszenie Opieki nad Dzieckiem i Rodzin\u0105 Imienia \u015aw Alberta\" \/>\n<meta property=\"og:url\" content=\"https:\/\/stowarzyszenie-dzieckoirodzina.pl\/swietlica\/2026\/03\/31\/powitanie-wiosny\/\" \/>\n<meta property=\"og:site_name\" content=\"Katolickie Stowarzyszenie Opieki nad Dzieckiem i Rodzin\u0105 Imienia \u015aw Alberta\" \/>\n<meta property=\"article:published_time\" content=\"2026-03-31T11:53:00+00:00\" \/>\n<meta property=\"article:modified_time\" content=\"2026-04-15T08:50:26+00:00\" \/>\n<meta property=\"og:image\" content=\"https:\/\/stowarzyszenie-dzieckoirodzina.pl\/swietlica\/wp-content\/uploads\/sites\/2\/2026\/04\/PHOTO-2026-04-10-10-02-113.jpg\" \/>\n\t<meta property=\"og:image:width\" content=\"1200\" \/>\n\t<meta property=\"og:image:height\" content=\"1281\" \/>\n\t<meta property=\"og:image:type\" content=\"image\/jpeg\" \/>\n<meta name=\"author\" content=\"admin\" \/>\n<meta name=\"twitter:card\" content=\"summary_large_image\" \/>\n<meta name=\"twitter:label1\" content=\"Napisane przez\" \/>\n\t<meta name=\"twitter:data1\" content=\"admin\" \/>\n\t<meta name=\"twitter:label2\" content=\"Szacowany czas czytania\" \/>\n\t<meta name=\"twitter:data2\" content=\"3 minuty\" \/>\n<script type=\"application\/ld+json\" class=\"yoast-schema-graph\">{\"@context\":\"https:\/\/schema.org\",\"@graph\":[{\"@type\":\"WebPage\",\"@id\":\"https:\/\/stowarzyszenie-dzieckoirodzina.pl\/swietlica\/2026\/03\/31\/powitanie-wiosny\/\",\"url\":\"https:\/\/stowarzyszenie-dzieckoirodzina.pl\/swietlica\/2026\/03\/31\/powitanie-wiosny\/\",\"name\":\"Powitanie wiosny. - Katolickie Stowarzyszenie Opieki nad Dzieckiem i Rodzin\u0105 Imienia \u015aw Alberta\",\"isPartOf\":{\"@id\":\"https:\/\/stowarzyszenie-dzieckoirodzina.pl\/swietlica\/#website\"},\"primaryImageOfPage\":{\"@id\":\"https:\/\/stowarzyszenie-dzieckoirodzina.pl\/swietlica\/2026\/03\/31\/powitanie-wiosny\/#primaryimage\"},\"image\":{\"@id\":\"https:\/\/stowarzyszenie-dzieckoirodzina.pl\/swietlica\/2026\/03\/31\/powitanie-wiosny\/#primaryimage\"},\"thumbnailUrl\":\"https:\/\/stowarzyszenie-dzieckoirodzina.pl\/swietlica\/wp-content\/uploads\/sites\/2\/2026\/04\/PHOTO-2026-04-10-10-02-113-1024x1024.jpg\",\"datePublished\":\"2026-03-31T11:53:00+00:00\",\"dateModified\":\"2026-04-15T08:50:26+00:00\",\"author\":{\"@id\":\"https:\/\/stowarzyszenie-dzieckoirodzina.pl\/swietlica\/#\/schema\/person\/6b994e0813ca254c1fd40524374382ec\"},\"breadcrumb\":{\"@id\":\"https:\/\/stowarzyszenie-dzieckoirodzina.pl\/swietlica\/2026\/03\/31\/powitanie-wiosny\/#breadcrumb\"},\"inLanguage\":\"pl-PL\",\"potentialAction\":[{\"@type\":\"ReadAction\",\"target\":[\"https:\/\/stowarzyszenie-dzieckoirodzina.pl\/swietlica\/2026\/03\/31\/powitanie-wiosny\/\"]}]},{\"@type\":\"ImageObject\",\"inLanguage\":\"pl-PL\",\"@id\":\"https:\/\/stowarzyszenie-dzieckoirodzina.pl\/swietlica\/2026\/03\/31\/powitanie-wiosny\/#primaryimage\",\"url\":\"https:\/\/stowarzyszenie-dzieckoirodzina.pl\/swietlica\/wp-content\/uploads\/sites\/2\/2026\/04\/PHOTO-2026-04-10-10-02-113.jpg\",\"contentUrl\":\"https:\/\/stowarzyszenie-dzieckoirodzina.pl\/swietlica\/wp-content\/uploads\/sites\/2\/2026\/04\/PHOTO-2026-04-10-10-02-113.jpg\",\"width\":1200,\"height\":1281},{\"@type\":\"BreadcrumbList\",\"@id\":\"https:\/\/stowarzyszenie-dzieckoirodzina.pl\/swietlica\/2026\/03\/31\/powitanie-wiosny\/#breadcrumb\",\"itemListElement\":[{\"@type\":\"ListItem\",\"position\":1,\"name\":\"Strona g\u0142\u00f3wna\",\"item\":\"https:\/\/stowarzyszenie-dzieckoirodzina.pl\/swietlica\/\"},{\"@type\":\"ListItem\",\"position\":2,\"name\":\"Powitanie wiosny.\"}]},{\"@type\":\"WebSite\",\"@id\":\"https:\/\/stowarzyszenie-dzieckoirodzina.pl\/swietlica\/#website\",\"url\":\"https:\/\/stowarzyszenie-dzieckoirodzina.pl\/swietlica\/\",\"name\":\"Katolickie Stowarzyszenie Opieki nad Dzieckiem i Rodzin\u0105 Imienia \u015aw Alberta\",\"description\":\"T\u0119czowa \u015awietlica\",\"potentialAction\":[{\"@type\":\"SearchAction\",\"target\":{\"@type\":\"EntryPoint\",\"urlTemplate\":\"https:\/\/stowarzyszenie-dzieckoirodzina.pl\/swietlica\/?s={search_term_string}\"},\"query-input\":{\"@type\":\"PropertyValueSpecification\",\"valueRequired\":true,\"valueName\":\"search_term_string\"}}],\"inLanguage\":\"pl-PL\"},{\"@type\":\"Person\",\"@id\":\"https:\/\/stowarzyszenie-dzieckoirodzina.pl\/swietlica\/#\/schema\/person\/6b994e0813ca254c1fd40524374382ec\",\"name\":\"admin\",\"image\":{\"@type\":\"ImageObject\",\"inLanguage\":\"pl-PL\",\"@id\":\"https:\/\/stowarzyszenie-dzieckoirodzina.pl\/swietlica\/#\/schema\/person\/image\/\",\"url\":\"https:\/\/secure.gravatar.com\/avatar\/bd51c076b273c1d464007bff849ae53e27aef06ef27dbb01145a8537bb2bcecb?s=96&d=mm&r=g\",\"contentUrl\":\"https:\/\/secure.gravatar.com\/avatar\/bd51c076b273c1d464007bff849ae53e27aef06ef27dbb01145a8537bb2bcecb?s=96&d=mm&r=g\",\"caption\":\"admin\"},\"sameAs\":[\"http:\/\/stowarzyszenie-dzieckoirodzina.pl\"],\"url\":\"https:\/\/stowarzyszenie-dzieckoirodzina.pl\/swietlica\/author\/admin\/\"}]}<\/script>\n<!-- \/ Yoast SEO plugin. -->","yoast_head_json":{"title":"Powitanie wiosny. - Katolickie Stowarzyszenie Opieki nad Dzieckiem i Rodzin\u0105 Imienia \u015aw Alberta","robots":{"index":"index","follow":"follow","max-snippet":"max-snippet:-1","max-image-preview":"max-image-preview:large","max-video-preview":"max-video-preview:-1"},"canonical":"https:\/\/stowarzyszenie-dzieckoirodzina.pl\/swietlica\/2026\/03\/31\/powitanie-wiosny\/","og_locale":"pl_PL","og_type":"article","og_title":"Powitanie wiosny. - Katolickie Stowarzyszenie Opieki nad Dzieckiem i Rodzin\u0105 Imienia \u015aw Alberta","og_url":"https:\/\/stowarzyszenie-dzieckoirodzina.pl\/swietlica\/2026\/03\/31\/powitanie-wiosny\/","og_site_name":"Katolickie Stowarzyszenie Opieki nad Dzieckiem i Rodzin\u0105 Imienia \u015aw Alberta","article_published_time":"2026-03-31T11:53:00+00:00","article_modified_time":"2026-04-15T08:50:26+00:00","og_image":[{"width":1200,"height":1281,"url":"https:\/\/stowarzyszenie-dzieckoirodzina.pl\/swietlica\/wp-content\/uploads\/sites\/2\/2026\/04\/PHOTO-2026-04-10-10-02-113.jpg","type":"image\/jpeg"}],"author":"admin","twitter_card":"summary_large_image","twitter_misc":{"Napisane przez":"admin","Szacowany czas czytania":"3 minuty"},"schema":{"@context":"https:\/\/schema.org","@graph":[{"@type":"WebPage","@id":"https:\/\/stowarzyszenie-dzieckoirodzina.pl\/swietlica\/2026\/03\/31\/powitanie-wiosny\/","url":"https:\/\/stowarzyszenie-dzieckoirodzina.pl\/swietlica\/2026\/03\/31\/powitanie-wiosny\/","name":"Powitanie wiosny. - Katolickie Stowarzyszenie Opieki nad Dzieckiem i Rodzin\u0105 Imienia \u015aw Alberta","isPartOf":{"@id":"https:\/\/stowarzyszenie-dzieckoirodzina.pl\/swietlica\/#website"},"primaryImageOfPage":{"@id":"https:\/\/stowarzyszenie-dzieckoirodzina.pl\/swietlica\/2026\/03\/31\/powitanie-wiosny\/#primaryimage"},"image":{"@id":"https:\/\/stowarzyszenie-dzieckoirodzina.pl\/swietlica\/2026\/03\/31\/powitanie-wiosny\/#primaryimage"},"thumbnailUrl":"https:\/\/stowarzyszenie-dzieckoirodzina.pl\/swietlica\/wp-content\/uploads\/sites\/2\/2026\/04\/PHOTO-2026-04-10-10-02-113-1024x1024.jpg","datePublished":"2026-03-31T11:53:00+00:00","dateModified":"2026-04-15T08:50:26+00:00","author":{"@id":"https:\/\/stowarzyszenie-dzieckoirodzina.pl\/swietlica\/#\/schema\/person\/6b994e0813ca254c1fd40524374382ec"},"breadcrumb":{"@id":"https:\/\/stowarzyszenie-dzieckoirodzina.pl\/swietlica\/2026\/03\/31\/powitanie-wiosny\/#breadcrumb"},"inLanguage":"pl-PL","potentialAction":[{"@type":"ReadAction","target":["https:\/\/stowarzyszenie-dzieckoirodzina.pl\/swietlica\/2026\/03\/31\/powitanie-wiosny\/"]}]},{"@type":"ImageObject","inLanguage":"pl-PL","@id":"https:\/\/stowarzyszenie-dzieckoirodzina.pl\/swietlica\/2026\/03\/31\/powitanie-wiosny\/#primaryimage","url":"https:\/\/stowarzyszenie-dzieckoirodzina.pl\/swietlica\/wp-content\/uploads\/sites\/2\/2026\/04\/PHOTO-2026-04-10-10-02-113.jpg","contentUrl":"https:\/\/stowarzyszenie-dzieckoirodzina.pl\/swietlica\/wp-content\/uploads\/sites\/2\/2026\/04\/PHOTO-2026-04-10-10-02-113.jpg","width":1200,"height":1281},{"@type":"BreadcrumbList","@id":"https:\/\/stowarzyszenie-dzieckoirodzina.pl\/swietlica\/2026\/03\/31\/powitanie-wiosny\/#breadcrumb","itemListElement":[{"@type":"ListItem","position":1,"name":"Strona g\u0142\u00f3wna","item":"https:\/\/stowarzyszenie-dzieckoirodzina.pl\/swietlica\/"},{"@type":"ListItem","position":2,"name":"Powitanie wiosny."}]},{"@type":"WebSite","@id":"https:\/\/stowarzyszenie-dzieckoirodzina.pl\/swietlica\/#website","url":"https:\/\/stowarzyszenie-dzieckoirodzina.pl\/swietlica\/","name":"Katolickie Stowarzyszenie Opieki nad Dzieckiem i Rodzin\u0105 Imienia \u015aw Alberta","description":"T\u0119czowa \u015awietlica","potentialAction":[{"@type":"SearchAction","target":{"@type":"EntryPoint","urlTemplate":"https:\/\/stowarzyszenie-dzieckoirodzina.pl\/swietlica\/?s={search_term_string}"},"query-input":{"@type":"PropertyValueSpecification","valueRequired":true,"valueName":"search_term_string"}}],"inLanguage":"pl-PL"},{"@type":"Person","@id":"https:\/\/stowarzyszenie-dzieckoirodzina.pl\/swietlica\/#\/schema\/person\/6b994e0813ca254c1fd40524374382ec","name":"admin","image":{"@type":"ImageObject","inLanguage":"pl-PL","@id":"https:\/\/stowarzyszenie-dzieckoirodzina.pl\/swietlica\/#\/schema\/person\/image\/","url":"https:\/\/secure.gravatar.com\/avatar\/bd51c076b273c1d464007bff849ae53e27aef06ef27dbb01145a8537bb2bcecb?s=96&d=mm&r=g","contentUrl":"https:\/\/secure.gravatar.com\/avatar\/bd51c076b273c1d464007bff849ae53e27aef06ef27dbb01145a8537bb2bcecb?s=96&d=mm&r=g","caption":"admin"},"sameAs":["http:\/\/stowarzyszenie-dzieckoirodzina.pl"],"url":"https:\/\/stowarzyszenie-dzieckoirodzina.pl\/swietlica\/author\/admin\/"}]}},"_links":{"self":[{"href":"https:\/\/stowarzyszenie-dzieckoirodzina.pl\/swietlica\/wp-json\/wp\/v2\/posts\/476","targetHints":{"allow":["GET"]}}],"collection":[{"href":"https:\/\/stowarzyszenie-dzieckoirodzina.pl\/swietlica\/wp-json\/wp\/v2\/posts"}],"about":[{"href":"https:\/\/stowarzyszenie-dzieckoirodzina.pl\/swietlica\/wp-json\/wp\/v2\/types\/post"}],"author":[{"embeddable":true,"href":"https:\/\/stowarzyszenie-dzieckoirodzina.pl\/swietlica\/wp-json\/wp\/v2\/users\/1"}],"replies":[{"embeddable":true,"href":"https:\/\/stowarzyszenie-dzieckoirodzina.pl\/swietlica\/wp-json\/wp\/v2\/comments?post=476"}],"version-history":[{"count":2,"href":"https:\/\/stowarzyszenie-dzieckoirodzina.pl\/swietlica\/wp-json\/wp\/v2\/posts\/476\/revisions"}],"predecessor-version":[{"id":481,"href":"https:\/\/stowarzyszenie-dzieckoirodzina.pl\/swietlica\/wp-json\/wp\/v2\/posts\/476\/revisions\/481"}],"wp:attachment":[{"href":"https:\/\/stowarzyszenie-dzieckoirodzina.pl\/swietlica\/wp-json\/wp\/v2\/media?parent=476"}],"wp:term":[{"taxonomy":"category","embeddable":true,"href":"https:\/\/stowarzyszenie-dzieckoirodzina.pl\/swietlica\/wp-json\/wp\/v2\/categories?post=476"},{"taxonomy":"post_tag","embeddable":true,"href":"https:\/\/stowarzyszenie-dzieckoirodzina.pl\/swietlica\/wp-json\/wp\/v2\/tags?post=476"}],"curies":[{"name":"wp","href":"https:\/\/api.w.org\/{rel}","templated":true}]}}