{"id":506,"date":"2026-04-01T10:47:02","date_gmt":"2026-04-01T08:47:02","guid":{"rendered":"https:\/\/stowarzyszenie-dzieckoirodzina.pl\/swietlica\/?p=506"},"modified":"2026-04-15T10:48:33","modified_gmt":"2026-04-15T08:48:33","slug":"wielkanocne-warsztaty-plastyczne","status":"publish","type":"post","link":"https:\/\/stowarzyszenie-dzieckoirodzina.pl\/swietlica\/2026\/04\/01\/wielkanocne-warsztaty-plastyczne\/","title":{"rendered":"Wielkanocne warsztaty plastyczne."},"content":{"rendered":"\n<figure class=\"wp-block-gallery has-nested-images columns-default is-cropped wp-block-gallery-1 is-layout-flex wp-block-gallery-is-layout-flex\">\n<figure class=\"wp-block-image size-large\"><img fetchpriority=\"high\" decoding=\"async\" width=\"1024\" height=\"1024\" data-id=\"486\" src=\"https:\/\/stowarzyszenie-dzieckoirodzina.pl\/swietlica\/wp-content\/uploads\/sites\/2\/2026\/04\/PHOTO-2026-04-10-10-06-08-1024x1024.jpg\" alt=\"\" class=\"wp-image-486\" srcset=\"https:\/\/stowarzyszenie-dzieckoirodzina.pl\/swietlica\/wp-content\/uploads\/sites\/2\/2026\/04\/PHOTO-2026-04-10-10-06-08-1024x1024.jpg 1024w, https:\/\/stowarzyszenie-dzieckoirodzina.pl\/swietlica\/wp-content\/uploads\/sites\/2\/2026\/04\/PHOTO-2026-04-10-10-06-08-300x300.jpg 300w, https:\/\/stowarzyszenie-dzieckoirodzina.pl\/swietlica\/wp-content\/uploads\/sites\/2\/2026\/04\/PHOTO-2026-04-10-10-06-08-150x150.jpg 150w, https:\/\/stowarzyszenie-dzieckoirodzina.pl\/swietlica\/wp-content\/uploads\/sites\/2\/2026\/04\/PHOTO-2026-04-10-10-06-08-768x768.jpg 768w\" sizes=\"(max-width: 1024px) 100vw, 1024px\" \/><\/figure>\n\n\n\n<figure class=\"wp-block-image size-large\"><img decoding=\"async\" width=\"840\" height=\"1024\" data-id=\"487\" src=\"https:\/\/stowarzyszenie-dzieckoirodzina.pl\/swietlica\/wp-content\/uploads\/sites\/2\/2026\/04\/PHOTO-2026-04-10-10-06-091-840x1024.jpg\" alt=\"\" class=\"wp-image-487\"\/><\/figure>\n\n\n\n<figure class=\"wp-block-image size-large\"><img decoding=\"async\" width=\"1024\" height=\"1024\" data-id=\"485\" src=\"https:\/\/stowarzyszenie-dzieckoirodzina.pl\/swietlica\/wp-content\/uploads\/sites\/2\/2026\/04\/PHOTO-2026-04-10-10-06-081-1024x1024.jpg\" alt=\"\" class=\"wp-image-485\" srcset=\"https:\/\/stowarzyszenie-dzieckoirodzina.pl\/swietlica\/wp-content\/uploads\/sites\/2\/2026\/04\/PHOTO-2026-04-10-10-06-081-1024x1024.jpg 1024w, https:\/\/stowarzyszenie-dzieckoirodzina.pl\/swietlica\/wp-content\/uploads\/sites\/2\/2026\/04\/PHOTO-2026-04-10-10-06-081-300x300.jpg 300w, https:\/\/stowarzyszenie-dzieckoirodzina.pl\/swietlica\/wp-content\/uploads\/sites\/2\/2026\/04\/PHOTO-2026-04-10-10-06-081-150x150.jpg 150w, https:\/\/stowarzyszenie-dzieckoirodzina.pl\/swietlica\/wp-content\/uploads\/sites\/2\/2026\/04\/PHOTO-2026-04-10-10-06-081-768x768.jpg 768w\" sizes=\"(max-width: 1024px) 100vw, 1024px\" \/><\/figure>\n\n\n\n<figure class=\"wp-block-image size-large\"><img loading=\"lazy\" decoding=\"async\" width=\"1024\" height=\"1024\" data-id=\"492\" src=\"https:\/\/stowarzyszenie-dzieckoirodzina.pl\/swietlica\/wp-content\/uploads\/sites\/2\/2026\/04\/PHOTO-2026-04-10-10-06-10-1024x1024.jpg\" alt=\"\" class=\"wp-image-492\" srcset=\"https:\/\/stowarzyszenie-dzieckoirodzina.pl\/swietlica\/wp-content\/uploads\/sites\/2\/2026\/04\/PHOTO-2026-04-10-10-06-10-1024x1024.jpg 1024w, https:\/\/stowarzyszenie-dzieckoirodzina.pl\/swietlica\/wp-content\/uploads\/sites\/2\/2026\/04\/PHOTO-2026-04-10-10-06-10-300x300.jpg 300w, https:\/\/stowarzyszenie-dzieckoirodzina.pl\/swietlica\/wp-content\/uploads\/sites\/2\/2026\/04\/PHOTO-2026-04-10-10-06-10-150x150.jpg 150w, https:\/\/stowarzyszenie-dzieckoirodzina.pl\/swietlica\/wp-content\/uploads\/sites\/2\/2026\/04\/PHOTO-2026-04-10-10-06-10-768x768.jpg 768w\" sizes=\"(max-width: 1024px) 100vw, 1024px\" \/><\/figure>\n\n\n\n<figure class=\"wp-block-image size-large\"><img loading=\"lazy\" decoding=\"async\" width=\"1024\" height=\"1024\" data-id=\"484\" src=\"https:\/\/stowarzyszenie-dzieckoirodzina.pl\/swietlica\/wp-content\/uploads\/sites\/2\/2026\/04\/PHOTO-2026-04-10-10-06-07-1024x1024.jpg\" alt=\"\" class=\"wp-image-484\" srcset=\"https:\/\/stowarzyszenie-dzieckoirodzina.pl\/swietlica\/wp-content\/uploads\/sites\/2\/2026\/04\/PHOTO-2026-04-10-10-06-07-1024x1024.jpg 1024w, https:\/\/stowarzyszenie-dzieckoirodzina.pl\/swietlica\/wp-content\/uploads\/sites\/2\/2026\/04\/PHOTO-2026-04-10-10-06-07-300x300.jpg 300w, https:\/\/stowarzyszenie-dzieckoirodzina.pl\/swietlica\/wp-content\/uploads\/sites\/2\/2026\/04\/PHOTO-2026-04-10-10-06-07-150x150.jpg 150w, https:\/\/stowarzyszenie-dzieckoirodzina.pl\/swietlica\/wp-content\/uploads\/sites\/2\/2026\/04\/PHOTO-2026-04-10-10-06-07-768x768.jpg 768w\" sizes=\"(max-width: 1024px) 100vw, 1024px\" \/><\/figure>\n\n\n\n<figure class=\"wp-block-image size-large\"><img loading=\"lazy\" decoding=\"async\" width=\"1024\" height=\"1024\" data-id=\"488\" src=\"https:\/\/stowarzyszenie-dzieckoirodzina.pl\/swietlica\/wp-content\/uploads\/sites\/2\/2026\/04\/PHOTO-2026-04-10-10-06-09-1024x1024.jpg\" alt=\"\" class=\"wp-image-488\" srcset=\"https:\/\/stowarzyszenie-dzieckoirodzina.pl\/swietlica\/wp-content\/uploads\/sites\/2\/2026\/04\/PHOTO-2026-04-10-10-06-09-1024x1024.jpg 1024w, https:\/\/stowarzyszenie-dzieckoirodzina.pl\/swietlica\/wp-content\/uploads\/sites\/2\/2026\/04\/PHOTO-2026-04-10-10-06-09-300x300.jpg 300w, https:\/\/stowarzyszenie-dzieckoirodzina.pl\/swietlica\/wp-content\/uploads\/sites\/2\/2026\/04\/PHOTO-2026-04-10-10-06-09-150x150.jpg 150w, https:\/\/stowarzyszenie-dzieckoirodzina.pl\/swietlica\/wp-content\/uploads\/sites\/2\/2026\/04\/PHOTO-2026-04-10-10-06-09-768x768.jpg 768w\" sizes=\"(max-width: 1024px) 100vw, 1024px\" \/><\/figure>\n\n\n\n<figure class=\"wp-block-image size-large\"><img loading=\"lazy\" decoding=\"async\" width=\"1024\" height=\"1024\" data-id=\"482\" src=\"https:\/\/stowarzyszenie-dzieckoirodzina.pl\/swietlica\/wp-content\/uploads\/sites\/2\/2026\/04\/PHOTO-2026-04-10-10-06-02-1024x1024.jpg\" alt=\"\" class=\"wp-image-482\" srcset=\"https:\/\/stowarzyszenie-dzieckoirodzina.pl\/swietlica\/wp-content\/uploads\/sites\/2\/2026\/04\/PHOTO-2026-04-10-10-06-02-1024x1024.jpg 1024w, https:\/\/stowarzyszenie-dzieckoirodzina.pl\/swietlica\/wp-content\/uploads\/sites\/2\/2026\/04\/PHOTO-2026-04-10-10-06-02-300x300.jpg 300w, https:\/\/stowarzyszenie-dzieckoirodzina.pl\/swietlica\/wp-content\/uploads\/sites\/2\/2026\/04\/PHOTO-2026-04-10-10-06-02-150x150.jpg 150w, https:\/\/stowarzyszenie-dzieckoirodzina.pl\/swietlica\/wp-content\/uploads\/sites\/2\/2026\/04\/PHOTO-2026-04-10-10-06-02-768x768.jpg 768w\" sizes=\"(max-width: 1024px) 100vw, 1024px\" \/><\/figure>\n\n\n\n<figure class=\"wp-block-image size-large\"><img loading=\"lazy\" decoding=\"async\" width=\"1024\" height=\"1024\" data-id=\"483\" src=\"https:\/\/stowarzyszenie-dzieckoirodzina.pl\/swietlica\/wp-content\/uploads\/sites\/2\/2026\/04\/PHOTO-2026-04-10-10-06-06-1024x1024.jpg\" alt=\"\" class=\"wp-image-483\" srcset=\"https:\/\/stowarzyszenie-dzieckoirodzina.pl\/swietlica\/wp-content\/uploads\/sites\/2\/2026\/04\/PHOTO-2026-04-10-10-06-06-1024x1024.jpg 1024w, https:\/\/stowarzyszenie-dzieckoirodzina.pl\/swietlica\/wp-content\/uploads\/sites\/2\/2026\/04\/PHOTO-2026-04-10-10-06-06-300x300.jpg 300w, https:\/\/stowarzyszenie-dzieckoirodzina.pl\/swietlica\/wp-content\/uploads\/sites\/2\/2026\/04\/PHOTO-2026-04-10-10-06-06-150x150.jpg 150w, https:\/\/stowarzyszenie-dzieckoirodzina.pl\/swietlica\/wp-content\/uploads\/sites\/2\/2026\/04\/PHOTO-2026-04-10-10-06-06-768x768.jpg 768w\" sizes=\"(max-width: 1024px) 100vw, 1024px\" \/><\/figure>\n\n\n\n<figure class=\"wp-block-image size-large\"><img loading=\"lazy\" decoding=\"async\" width=\"1024\" height=\"1024\" data-id=\"491\" src=\"https:\/\/stowarzyszenie-dzieckoirodzina.pl\/swietlica\/wp-content\/uploads\/sites\/2\/2026\/04\/PHOTO-2026-04-10-10-06-105-1024x1024.jpg\" alt=\"\" class=\"wp-image-491\" srcset=\"https:\/\/stowarzyszenie-dzieckoirodzina.pl\/swietlica\/wp-content\/uploads\/sites\/2\/2026\/04\/PHOTO-2026-04-10-10-06-105-1024x1024.jpg 1024w, https:\/\/stowarzyszenie-dzieckoirodzina.pl\/swietlica\/wp-content\/uploads\/sites\/2\/2026\/04\/PHOTO-2026-04-10-10-06-105-300x300.jpg 300w, https:\/\/stowarzyszenie-dzieckoirodzina.pl\/swietlica\/wp-content\/uploads\/sites\/2\/2026\/04\/PHOTO-2026-04-10-10-06-105-150x150.jpg 150w, https:\/\/stowarzyszenie-dzieckoirodzina.pl\/swietlica\/wp-content\/uploads\/sites\/2\/2026\/04\/PHOTO-2026-04-10-10-06-105-768x768.jpg 768w\" sizes=\"(max-width: 1024px) 100vw, 1024px\" \/><\/figure>\n\n\n\n<figure class=\"wp-block-image size-large\"><img loading=\"lazy\" decoding=\"async\" width=\"1024\" height=\"1024\" data-id=\"490\" src=\"https:\/\/stowarzyszenie-dzieckoirodzina.pl\/swietlica\/wp-content\/uploads\/sites\/2\/2026\/04\/PHOTO-2026-04-10-10-06-104-1024x1024.jpg\" alt=\"\" class=\"wp-image-490\" srcset=\"https:\/\/stowarzyszenie-dzieckoirodzina.pl\/swietlica\/wp-content\/uploads\/sites\/2\/2026\/04\/PHOTO-2026-04-10-10-06-104-1024x1024.jpg 1024w, https:\/\/stowarzyszenie-dzieckoirodzina.pl\/swietlica\/wp-content\/uploads\/sites\/2\/2026\/04\/PHOTO-2026-04-10-10-06-104-300x300.jpg 300w, https:\/\/stowarzyszenie-dzieckoirodzina.pl\/swietlica\/wp-content\/uploads\/sites\/2\/2026\/04\/PHOTO-2026-04-10-10-06-104-150x150.jpg 150w, https:\/\/stowarzyszenie-dzieckoirodzina.pl\/swietlica\/wp-content\/uploads\/sites\/2\/2026\/04\/PHOTO-2026-04-10-10-06-104-768x768.jpg 768w\" sizes=\"(max-width: 1024px) 100vw, 1024px\" \/><\/figure>\n\n\n\n<figure class=\"wp-block-image size-large\"><img loading=\"lazy\" decoding=\"async\" width=\"1024\" height=\"1024\" data-id=\"489\" src=\"https:\/\/stowarzyszenie-dzieckoirodzina.pl\/swietlica\/wp-content\/uploads\/sites\/2\/2026\/04\/PHOTO-2026-04-10-10-06-102-1024x1024.jpg\" alt=\"\" class=\"wp-image-489\" srcset=\"https:\/\/stowarzyszenie-dzieckoirodzina.pl\/swietlica\/wp-content\/uploads\/sites\/2\/2026\/04\/PHOTO-2026-04-10-10-06-102-1024x1024.jpg 1024w, https:\/\/stowarzyszenie-dzieckoirodzina.pl\/swietlica\/wp-content\/uploads\/sites\/2\/2026\/04\/PHOTO-2026-04-10-10-06-102-300x300.jpg 300w, https:\/\/stowarzyszenie-dzieckoirodzina.pl\/swietlica\/wp-content\/uploads\/sites\/2\/2026\/04\/PHOTO-2026-04-10-10-06-102-150x150.jpg 150w, https:\/\/stowarzyszenie-dzieckoirodzina.pl\/swietlica\/wp-content\/uploads\/sites\/2\/2026\/04\/PHOTO-2026-04-10-10-06-102-768x768.jpg 768w\" sizes=\"(max-width: 1024px) 100vw, 1024px\" \/><\/figure>\n\n\n\n<figure class=\"wp-block-image size-large\"><img loading=\"lazy\" decoding=\"async\" width=\"1024\" height=\"1024\" data-id=\"493\" src=\"https:\/\/stowarzyszenie-dzieckoirodzina.pl\/swietlica\/wp-content\/uploads\/sites\/2\/2026\/04\/PHOTO-2026-04-10-10-06-361-1024x1024.jpg\" alt=\"\" class=\"wp-image-493\" srcset=\"https:\/\/stowarzyszenie-dzieckoirodzina.pl\/swietlica\/wp-content\/uploads\/sites\/2\/2026\/04\/PHOTO-2026-04-10-10-06-361-1024x1024.jpg 1024w, https:\/\/stowarzyszenie-dzieckoirodzina.pl\/swietlica\/wp-content\/uploads\/sites\/2\/2026\/04\/PHOTO-2026-04-10-10-06-361-300x300.jpg 300w, https:\/\/stowarzyszenie-dzieckoirodzina.pl\/swietlica\/wp-content\/uploads\/sites\/2\/2026\/04\/PHOTO-2026-04-10-10-06-361-150x150.jpg 150w, https:\/\/stowarzyszenie-dzieckoirodzina.pl\/swietlica\/wp-content\/uploads\/sites\/2\/2026\/04\/PHOTO-2026-04-10-10-06-361-768x768.jpg 768w\" sizes=\"(max-width: 1024px) 100vw, 1024px\" \/><\/figure>\n<\/figure>\n","protected":false},"excerpt":{"rendered":"","protected":false},"author":1,"featured_media":0,"comment_status":"open","ping_status":"open","sticky":false,"template":"","format":"standard","meta":{"footnotes":""},"categories":[1],"tags":[],"class_list":["post-506","post","type-post","status-publish","format-standard","hentry","category-bez-kategorii"],"yoast_head":"<!-- This site is optimized with the Yoast SEO plugin v26.4 - https:\/\/yoast.com\/wordpress\/plugins\/seo\/ -->\n<title>Wielkanocne warsztaty plastyczne. - Katolickie Stowarzyszenie Opieki nad Dzieckiem i Rodzin\u0105 Imienia \u015aw Alberta<\/title>\n<meta name=\"robots\" content=\"index, follow, max-snippet:-1, max-image-preview:large, max-video-preview:-1\" \/>\n<link rel=\"canonical\" href=\"https:\/\/stowarzyszenie-dzieckoirodzina.pl\/swietlica\/2026\/04\/01\/wielkanocne-warsztaty-plastyczne\/\" \/>\n<meta property=\"og:locale\" content=\"pl_PL\" \/>\n<meta property=\"og:type\" content=\"article\" \/>\n<meta property=\"og:title\" content=\"Wielkanocne warsztaty plastyczne. - Katolickie Stowarzyszenie Opieki nad Dzieckiem i Rodzin\u0105 Imienia \u015aw Alberta\" \/>\n<meta property=\"og:url\" content=\"https:\/\/stowarzyszenie-dzieckoirodzina.pl\/swietlica\/2026\/04\/01\/wielkanocne-warsztaty-plastyczne\/\" \/>\n<meta property=\"og:site_name\" content=\"Katolickie Stowarzyszenie Opieki nad Dzieckiem i Rodzin\u0105 Imienia \u015aw Alberta\" \/>\n<meta property=\"article:published_time\" content=\"2026-04-01T08:47:02+00:00\" \/>\n<meta property=\"article:modified_time\" content=\"2026-04-15T08:48:33+00:00\" \/>\n<meta property=\"og:image\" content=\"https:\/\/stowarzyszenie-dzieckoirodzina.pl\/swietlica\/wp-content\/uploads\/sites\/2\/2026\/04\/PHOTO-2026-04-10-10-06-08.jpg\" \/>\n\t<meta property=\"og:image:width\" content=\"1200\" \/>\n\t<meta property=\"og:image:height\" content=\"1600\" \/>\n\t<meta property=\"og:image:type\" content=\"image\/jpeg\" \/>\n<meta name=\"author\" content=\"admin\" \/>\n<meta name=\"twitter:card\" content=\"summary_large_image\" \/>\n<meta name=\"twitter:label1\" content=\"Napisane przez\" \/>\n\t<meta name=\"twitter:data1\" content=\"admin\" \/>\n\t<meta name=\"twitter:label2\" content=\"Szacowany czas czytania\" \/>\n\t<meta name=\"twitter:data2\" content=\"3 minuty\" \/>\n<script type=\"application\/ld+json\" class=\"yoast-schema-graph\">{\"@context\":\"https:\/\/schema.org\",\"@graph\":[{\"@type\":\"WebPage\",\"@id\":\"https:\/\/stowarzyszenie-dzieckoirodzina.pl\/swietlica\/2026\/04\/01\/wielkanocne-warsztaty-plastyczne\/\",\"url\":\"https:\/\/stowarzyszenie-dzieckoirodzina.pl\/swietlica\/2026\/04\/01\/wielkanocne-warsztaty-plastyczne\/\",\"name\":\"Wielkanocne warsztaty plastyczne. - Katolickie Stowarzyszenie Opieki nad Dzieckiem i Rodzin\u0105 Imienia \u015aw Alberta\",\"isPartOf\":{\"@id\":\"https:\/\/stowarzyszenie-dzieckoirodzina.pl\/swietlica\/#website\"},\"primaryImageOfPage\":{\"@id\":\"https:\/\/stowarzyszenie-dzieckoirodzina.pl\/swietlica\/2026\/04\/01\/wielkanocne-warsztaty-plastyczne\/#primaryimage\"},\"image\":{\"@id\":\"https:\/\/stowarzyszenie-dzieckoirodzina.pl\/swietlica\/2026\/04\/01\/wielkanocne-warsztaty-plastyczne\/#primaryimage\"},\"thumbnailUrl\":\"https:\/\/stowarzyszenie-dzieckoirodzina.pl\/swietlica\/wp-content\/uploads\/sites\/2\/2026\/04\/PHOTO-2026-04-10-10-06-08-1024x1024.jpg\",\"datePublished\":\"2026-04-01T08:47:02+00:00\",\"dateModified\":\"2026-04-15T08:48:33+00:00\",\"author\":{\"@id\":\"https:\/\/stowarzyszenie-dzieckoirodzina.pl\/swietlica\/#\/schema\/person\/6b994e0813ca254c1fd40524374382ec\"},\"breadcrumb\":{\"@id\":\"https:\/\/stowarzyszenie-dzieckoirodzina.pl\/swietlica\/2026\/04\/01\/wielkanocne-warsztaty-plastyczne\/#breadcrumb\"},\"inLanguage\":\"pl-PL\",\"potentialAction\":[{\"@type\":\"ReadAction\",\"target\":[\"https:\/\/stowarzyszenie-dzieckoirodzina.pl\/swietlica\/2026\/04\/01\/wielkanocne-warsztaty-plastyczne\/\"]}]},{\"@type\":\"ImageObject\",\"inLanguage\":\"pl-PL\",\"@id\":\"https:\/\/stowarzyszenie-dzieckoirodzina.pl\/swietlica\/2026\/04\/01\/wielkanocne-warsztaty-plastyczne\/#primaryimage\",\"url\":\"https:\/\/stowarzyszenie-dzieckoirodzina.pl\/swietlica\/wp-content\/uploads\/sites\/2\/2026\/04\/PHOTO-2026-04-10-10-06-08.jpg\",\"contentUrl\":\"https:\/\/stowarzyszenie-dzieckoirodzina.pl\/swietlica\/wp-content\/uploads\/sites\/2\/2026\/04\/PHOTO-2026-04-10-10-06-08.jpg\",\"width\":1200,\"height\":1600},{\"@type\":\"BreadcrumbList\",\"@id\":\"https:\/\/stowarzyszenie-dzieckoirodzina.pl\/swietlica\/2026\/04\/01\/wielkanocne-warsztaty-plastyczne\/#breadcrumb\",\"itemListElement\":[{\"@type\":\"ListItem\",\"position\":1,\"name\":\"Strona g\u0142\u00f3wna\",\"item\":\"https:\/\/stowarzyszenie-dzieckoirodzina.pl\/swietlica\/\"},{\"@type\":\"ListItem\",\"position\":2,\"name\":\"Wielkanocne warsztaty plastyczne.\"}]},{\"@type\":\"WebSite\",\"@id\":\"https:\/\/stowarzyszenie-dzieckoirodzina.pl\/swietlica\/#website\",\"url\":\"https:\/\/stowarzyszenie-dzieckoirodzina.pl\/swietlica\/\",\"name\":\"Katolickie Stowarzyszenie Opieki nad Dzieckiem i Rodzin\u0105 Imienia \u015aw Alberta\",\"description\":\"T\u0119czowa \u015awietlica\",\"potentialAction\":[{\"@type\":\"SearchAction\",\"target\":{\"@type\":\"EntryPoint\",\"urlTemplate\":\"https:\/\/stowarzyszenie-dzieckoirodzina.pl\/swietlica\/?s={search_term_string}\"},\"query-input\":{\"@type\":\"PropertyValueSpecification\",\"valueRequired\":true,\"valueName\":\"search_term_string\"}}],\"inLanguage\":\"pl-PL\"},{\"@type\":\"Person\",\"@id\":\"https:\/\/stowarzyszenie-dzieckoirodzina.pl\/swietlica\/#\/schema\/person\/6b994e0813ca254c1fd40524374382ec\",\"name\":\"admin\",\"image\":{\"@type\":\"ImageObject\",\"inLanguage\":\"pl-PL\",\"@id\":\"https:\/\/stowarzyszenie-dzieckoirodzina.pl\/swietlica\/#\/schema\/person\/image\/\",\"url\":\"https:\/\/secure.gravatar.com\/avatar\/bd51c076b273c1d464007bff849ae53e27aef06ef27dbb01145a8537bb2bcecb?s=96&d=mm&r=g\",\"contentUrl\":\"https:\/\/secure.gravatar.com\/avatar\/bd51c076b273c1d464007bff849ae53e27aef06ef27dbb01145a8537bb2bcecb?s=96&d=mm&r=g\",\"caption\":\"admin\"},\"sameAs\":[\"http:\/\/stowarzyszenie-dzieckoirodzina.pl\"],\"url\":\"https:\/\/stowarzyszenie-dzieckoirodzina.pl\/swietlica\/author\/admin\/\"}]}<\/script>\n<!-- \/ Yoast SEO plugin. -->","yoast_head_json":{"title":"Wielkanocne warsztaty plastyczne. - Katolickie Stowarzyszenie Opieki nad Dzieckiem i Rodzin\u0105 Imienia \u015aw Alberta","robots":{"index":"index","follow":"follow","max-snippet":"max-snippet:-1","max-image-preview":"max-image-preview:large","max-video-preview":"max-video-preview:-1"},"canonical":"https:\/\/stowarzyszenie-dzieckoirodzina.pl\/swietlica\/2026\/04\/01\/wielkanocne-warsztaty-plastyczne\/","og_locale":"pl_PL","og_type":"article","og_title":"Wielkanocne warsztaty plastyczne. - Katolickie Stowarzyszenie Opieki nad Dzieckiem i Rodzin\u0105 Imienia \u015aw Alberta","og_url":"https:\/\/stowarzyszenie-dzieckoirodzina.pl\/swietlica\/2026\/04\/01\/wielkanocne-warsztaty-plastyczne\/","og_site_name":"Katolickie Stowarzyszenie Opieki nad Dzieckiem i Rodzin\u0105 Imienia \u015aw Alberta","article_published_time":"2026-04-01T08:47:02+00:00","article_modified_time":"2026-04-15T08:48:33+00:00","og_image":[{"width":1200,"height":1600,"url":"https:\/\/stowarzyszenie-dzieckoirodzina.pl\/swietlica\/wp-content\/uploads\/sites\/2\/2026\/04\/PHOTO-2026-04-10-10-06-08.jpg","type":"image\/jpeg"}],"author":"admin","twitter_card":"summary_large_image","twitter_misc":{"Napisane przez":"admin","Szacowany czas czytania":"3 minuty"},"schema":{"@context":"https:\/\/schema.org","@graph":[{"@type":"WebPage","@id":"https:\/\/stowarzyszenie-dzieckoirodzina.pl\/swietlica\/2026\/04\/01\/wielkanocne-warsztaty-plastyczne\/","url":"https:\/\/stowarzyszenie-dzieckoirodzina.pl\/swietlica\/2026\/04\/01\/wielkanocne-warsztaty-plastyczne\/","name":"Wielkanocne warsztaty plastyczne. - Katolickie Stowarzyszenie Opieki nad Dzieckiem i Rodzin\u0105 Imienia \u015aw Alberta","isPartOf":{"@id":"https:\/\/stowarzyszenie-dzieckoirodzina.pl\/swietlica\/#website"},"primaryImageOfPage":{"@id":"https:\/\/stowarzyszenie-dzieckoirodzina.pl\/swietlica\/2026\/04\/01\/wielkanocne-warsztaty-plastyczne\/#primaryimage"},"image":{"@id":"https:\/\/stowarzyszenie-dzieckoirodzina.pl\/swietlica\/2026\/04\/01\/wielkanocne-warsztaty-plastyczne\/#primaryimage"},"thumbnailUrl":"https:\/\/stowarzyszenie-dzieckoirodzina.pl\/swietlica\/wp-content\/uploads\/sites\/2\/2026\/04\/PHOTO-2026-04-10-10-06-08-1024x1024.jpg","datePublished":"2026-04-01T08:47:02+00:00","dateModified":"2026-04-15T08:48:33+00:00","author":{"@id":"https:\/\/stowarzyszenie-dzieckoirodzina.pl\/swietlica\/#\/schema\/person\/6b994e0813ca254c1fd40524374382ec"},"breadcrumb":{"@id":"https:\/\/stowarzyszenie-dzieckoirodzina.pl\/swietlica\/2026\/04\/01\/wielkanocne-warsztaty-plastyczne\/#breadcrumb"},"inLanguage":"pl-PL","potentialAction":[{"@type":"ReadAction","target":["https:\/\/stowarzyszenie-dzieckoirodzina.pl\/swietlica\/2026\/04\/01\/wielkanocne-warsztaty-plastyczne\/"]}]},{"@type":"ImageObject","inLanguage":"pl-PL","@id":"https:\/\/stowarzyszenie-dzieckoirodzina.pl\/swietlica\/2026\/04\/01\/wielkanocne-warsztaty-plastyczne\/#primaryimage","url":"https:\/\/stowarzyszenie-dzieckoirodzina.pl\/swietlica\/wp-content\/uploads\/sites\/2\/2026\/04\/PHOTO-2026-04-10-10-06-08.jpg","contentUrl":"https:\/\/stowarzyszenie-dzieckoirodzina.pl\/swietlica\/wp-content\/uploads\/sites\/2\/2026\/04\/PHOTO-2026-04-10-10-06-08.jpg","width":1200,"height":1600},{"@type":"BreadcrumbList","@id":"https:\/\/stowarzyszenie-dzieckoirodzina.pl\/swietlica\/2026\/04\/01\/wielkanocne-warsztaty-plastyczne\/#breadcrumb","itemListElement":[{"@type":"ListItem","position":1,"name":"Strona g\u0142\u00f3wna","item":"https:\/\/stowarzyszenie-dzieckoirodzina.pl\/swietlica\/"},{"@type":"ListItem","position":2,"name":"Wielkanocne warsztaty plastyczne."}]},{"@type":"WebSite","@id":"https:\/\/stowarzyszenie-dzieckoirodzina.pl\/swietlica\/#website","url":"https:\/\/stowarzyszenie-dzieckoirodzina.pl\/swietlica\/","name":"Katolickie Stowarzyszenie Opieki nad Dzieckiem i Rodzin\u0105 Imienia \u015aw Alberta","description":"T\u0119czowa \u015awietlica","potentialAction":[{"@type":"SearchAction","target":{"@type":"EntryPoint","urlTemplate":"https:\/\/stowarzyszenie-dzieckoirodzina.pl\/swietlica\/?s={search_term_string}"},"query-input":{"@type":"PropertyValueSpecification","valueRequired":true,"valueName":"search_term_string"}}],"inLanguage":"pl-PL"},{"@type":"Person","@id":"https:\/\/stowarzyszenie-dzieckoirodzina.pl\/swietlica\/#\/schema\/person\/6b994e0813ca254c1fd40524374382ec","name":"admin","image":{"@type":"ImageObject","inLanguage":"pl-PL","@id":"https:\/\/stowarzyszenie-dzieckoirodzina.pl\/swietlica\/#\/schema\/person\/image\/","url":"https:\/\/secure.gravatar.com\/avatar\/bd51c076b273c1d464007bff849ae53e27aef06ef27dbb01145a8537bb2bcecb?s=96&d=mm&r=g","contentUrl":"https:\/\/secure.gravatar.com\/avatar\/bd51c076b273c1d464007bff849ae53e27aef06ef27dbb01145a8537bb2bcecb?s=96&d=mm&r=g","caption":"admin"},"sameAs":["http:\/\/stowarzyszenie-dzieckoirodzina.pl"],"url":"https:\/\/stowarzyszenie-dzieckoirodzina.pl\/swietlica\/author\/admin\/"}]}},"_links":{"self":[{"href":"https:\/\/stowarzyszenie-dzieckoirodzina.pl\/swietlica\/wp-json\/wp\/v2\/posts\/506","targetHints":{"allow":["GET"]}}],"collection":[{"href":"https:\/\/stowarzyszenie-dzieckoirodzina.pl\/swietlica\/wp-json\/wp\/v2\/posts"}],"about":[{"href":"https:\/\/stowarzyszenie-dzieckoirodzina.pl\/swietlica\/wp-json\/wp\/v2\/types\/post"}],"author":[{"embeddable":true,"href":"https:\/\/stowarzyszenie-dzieckoirodzina.pl\/swietlica\/wp-json\/wp\/v2\/users\/1"}],"replies":[{"embeddable":true,"href":"https:\/\/stowarzyszenie-dzieckoirodzina.pl\/swietlica\/wp-json\/wp\/v2\/comments?post=506"}],"version-history":[{"count":1,"href":"https:\/\/stowarzyszenie-dzieckoirodzina.pl\/swietlica\/wp-json\/wp\/v2\/posts\/506\/revisions"}],"predecessor-version":[{"id":507,"href":"https:\/\/stowarzyszenie-dzieckoirodzina.pl\/swietlica\/wp-json\/wp\/v2\/posts\/506\/revisions\/507"}],"wp:attachment":[{"href":"https:\/\/stowarzyszenie-dzieckoirodzina.pl\/swietlica\/wp-json\/wp\/v2\/media?parent=506"}],"wp:term":[{"taxonomy":"category","embeddable":true,"href":"https:\/\/stowarzyszenie-dzieckoirodzina.pl\/swietlica\/wp-json\/wp\/v2\/categories?post=506"},{"taxonomy":"post_tag","embeddable":true,"href":"https:\/\/stowarzyszenie-dzieckoirodzina.pl\/swietlica\/wp-json\/wp\/v2\/tags?post=506"}],"curies":[{"name":"wp","href":"https:\/\/api.w.org\/{rel}","templated":true}]}}