{"id":528,"date":"2026-04-09T10:55:00","date_gmt":"2026-04-09T08:55:00","guid":{"rendered":"https:\/\/stowarzyszenie-dzieckoirodzina.pl\/swietlica\/?p=528"},"modified":"2026-04-15T10:55:35","modified_gmt":"2026-04-15T08:55:35","slug":"wiosna-na-wsi","status":"publish","type":"post","link":"https:\/\/stowarzyszenie-dzieckoirodzina.pl\/swietlica\/2026\/04\/09\/wiosna-na-wsi\/","title":{"rendered":"Wiosna na wsi."},"content":{"rendered":"\n<figure class=\"wp-block-gallery has-nested-images columns-default is-cropped wp-block-gallery-1 is-layout-flex wp-block-gallery-is-layout-flex\">\n<figure class=\"wp-block-image size-large\"><img fetchpriority=\"high\" decoding=\"async\" width=\"872\" height=\"1024\" data-id=\"524\" src=\"https:\/\/stowarzyszenie-dzieckoirodzina.pl\/swietlica\/wp-content\/uploads\/sites\/2\/2026\/04\/PHOTO-2026-04-10-10-07-36-872x1024.jpg\" alt=\"\" class=\"wp-image-524\"\/><\/figure>\n\n\n\n<figure class=\"wp-block-image size-large\"><img decoding=\"async\" width=\"1024\" height=\"1024\" data-id=\"523\" src=\"https:\/\/stowarzyszenie-dzieckoirodzina.pl\/swietlica\/wp-content\/uploads\/sites\/2\/2026\/04\/PHOTO-2026-04-10-10-07-365-1024x1024.jpg\" alt=\"\" class=\"wp-image-523\" srcset=\"https:\/\/stowarzyszenie-dzieckoirodzina.pl\/swietlica\/wp-content\/uploads\/sites\/2\/2026\/04\/PHOTO-2026-04-10-10-07-365-1024x1024.jpg 1024w, https:\/\/stowarzyszenie-dzieckoirodzina.pl\/swietlica\/wp-content\/uploads\/sites\/2\/2026\/04\/PHOTO-2026-04-10-10-07-365-300x300.jpg 300w, https:\/\/stowarzyszenie-dzieckoirodzina.pl\/swietlica\/wp-content\/uploads\/sites\/2\/2026\/04\/PHOTO-2026-04-10-10-07-365-150x150.jpg 150w, https:\/\/stowarzyszenie-dzieckoirodzina.pl\/swietlica\/wp-content\/uploads\/sites\/2\/2026\/04\/PHOTO-2026-04-10-10-07-365-768x768.jpg 768w\" sizes=\"(max-width: 1024px) 100vw, 1024px\" \/><\/figure>\n\n\n\n<figure class=\"wp-block-image size-large\"><img decoding=\"async\" width=\"1024\" height=\"1024\" data-id=\"522\" src=\"https:\/\/stowarzyszenie-dzieckoirodzina.pl\/swietlica\/wp-content\/uploads\/sites\/2\/2026\/04\/PHOTO-2026-04-10-10-07-364-1024x1024.jpg\" alt=\"\" class=\"wp-image-522\" srcset=\"https:\/\/stowarzyszenie-dzieckoirodzina.pl\/swietlica\/wp-content\/uploads\/sites\/2\/2026\/04\/PHOTO-2026-04-10-10-07-364-1024x1024.jpg 1024w, https:\/\/stowarzyszenie-dzieckoirodzina.pl\/swietlica\/wp-content\/uploads\/sites\/2\/2026\/04\/PHOTO-2026-04-10-10-07-364-300x300.jpg 300w, https:\/\/stowarzyszenie-dzieckoirodzina.pl\/swietlica\/wp-content\/uploads\/sites\/2\/2026\/04\/PHOTO-2026-04-10-10-07-364-150x150.jpg 150w, https:\/\/stowarzyszenie-dzieckoirodzina.pl\/swietlica\/wp-content\/uploads\/sites\/2\/2026\/04\/PHOTO-2026-04-10-10-07-364-768x768.jpg 768w\" sizes=\"(max-width: 1024px) 100vw, 1024px\" \/><\/figure>\n\n\n\n<figure class=\"wp-block-image size-large\"><img loading=\"lazy\" decoding=\"async\" width=\"1024\" height=\"1024\" data-id=\"521\" src=\"https:\/\/stowarzyszenie-dzieckoirodzina.pl\/swietlica\/wp-content\/uploads\/sites\/2\/2026\/04\/PHOTO-2026-04-10-10-07-363-1024x1024.jpg\" alt=\"\" class=\"wp-image-521\" srcset=\"https:\/\/stowarzyszenie-dzieckoirodzina.pl\/swietlica\/wp-content\/uploads\/sites\/2\/2026\/04\/PHOTO-2026-04-10-10-07-363-1024x1024.jpg 1024w, https:\/\/stowarzyszenie-dzieckoirodzina.pl\/swietlica\/wp-content\/uploads\/sites\/2\/2026\/04\/PHOTO-2026-04-10-10-07-363-300x300.jpg 300w, https:\/\/stowarzyszenie-dzieckoirodzina.pl\/swietlica\/wp-content\/uploads\/sites\/2\/2026\/04\/PHOTO-2026-04-10-10-07-363-150x150.jpg 150w, https:\/\/stowarzyszenie-dzieckoirodzina.pl\/swietlica\/wp-content\/uploads\/sites\/2\/2026\/04\/PHOTO-2026-04-10-10-07-363-768x768.jpg 768w\" sizes=\"(max-width: 1024px) 100vw, 1024px\" \/><\/figure>\n\n\n\n<figure class=\"wp-block-image size-large\"><img loading=\"lazy\" decoding=\"async\" width=\"906\" height=\"1024\" data-id=\"520\" src=\"https:\/\/stowarzyszenie-dzieckoirodzina.pl\/swietlica\/wp-content\/uploads\/sites\/2\/2026\/04\/PHOTO-2026-04-10-10-07-362-906x1024.jpg\" alt=\"\" class=\"wp-image-520\"\/><\/figure>\n\n\n\n<figure class=\"wp-block-image size-large\"><img loading=\"lazy\" decoding=\"async\" width=\"991\" height=\"1024\" data-id=\"519\" src=\"https:\/\/stowarzyszenie-dzieckoirodzina.pl\/swietlica\/wp-content\/uploads\/sites\/2\/2026\/04\/PHOTO-2026-04-10-10-07-361-991x1024.jpg\" alt=\"\" class=\"wp-image-519\"\/><\/figure>\n\n\n\n<figure class=\"wp-block-image size-large\"><img loading=\"lazy\" decoding=\"async\" width=\"1024\" height=\"1024\" data-id=\"518\" src=\"https:\/\/stowarzyszenie-dzieckoirodzina.pl\/swietlica\/wp-content\/uploads\/sites\/2\/2026\/04\/PHOTO-2026-04-10-10-07-34-1024x1024.jpg\" alt=\"\" class=\"wp-image-518\" srcset=\"https:\/\/stowarzyszenie-dzieckoirodzina.pl\/swietlica\/wp-content\/uploads\/sites\/2\/2026\/04\/PHOTO-2026-04-10-10-07-34-1024x1024.jpg 1024w, https:\/\/stowarzyszenie-dzieckoirodzina.pl\/swietlica\/wp-content\/uploads\/sites\/2\/2026\/04\/PHOTO-2026-04-10-10-07-34-300x300.jpg 300w, https:\/\/stowarzyszenie-dzieckoirodzina.pl\/swietlica\/wp-content\/uploads\/sites\/2\/2026\/04\/PHOTO-2026-04-10-10-07-34-150x150.jpg 150w, https:\/\/stowarzyszenie-dzieckoirodzina.pl\/swietlica\/wp-content\/uploads\/sites\/2\/2026\/04\/PHOTO-2026-04-10-10-07-34-768x768.jpg 768w\" sizes=\"(max-width: 1024px) 100vw, 1024px\" \/><\/figure>\n\n\n\n<figure class=\"wp-block-image size-large\"><img loading=\"lazy\" decoding=\"async\" width=\"952\" height=\"1024\" data-id=\"517\" src=\"https:\/\/stowarzyszenie-dzieckoirodzina.pl\/swietlica\/wp-content\/uploads\/sites\/2\/2026\/04\/PHOTO-2026-04-10-10-07-341-952x1024.jpg\" alt=\"\" class=\"wp-image-517\"\/><\/figure>\n\n\n\n<figure class=\"wp-block-image size-large\"><img loading=\"lazy\" decoding=\"async\" width=\"1024\" height=\"1024\" data-id=\"516\" src=\"https:\/\/stowarzyszenie-dzieckoirodzina.pl\/swietlica\/wp-content\/uploads\/sites\/2\/2026\/04\/PHOTO-2026-04-10-10-07-33-1024x1024.jpg\" alt=\"\" class=\"wp-image-516\" srcset=\"https:\/\/stowarzyszenie-dzieckoirodzina.pl\/swietlica\/wp-content\/uploads\/sites\/2\/2026\/04\/PHOTO-2026-04-10-10-07-33-1024x1024.jpg 1024w, https:\/\/stowarzyszenie-dzieckoirodzina.pl\/swietlica\/wp-content\/uploads\/sites\/2\/2026\/04\/PHOTO-2026-04-10-10-07-33-300x300.jpg 300w, https:\/\/stowarzyszenie-dzieckoirodzina.pl\/swietlica\/wp-content\/uploads\/sites\/2\/2026\/04\/PHOTO-2026-04-10-10-07-33-150x150.jpg 150w, https:\/\/stowarzyszenie-dzieckoirodzina.pl\/swietlica\/wp-content\/uploads\/sites\/2\/2026\/04\/PHOTO-2026-04-10-10-07-33-768x768.jpg 768w\" sizes=\"(max-width: 1024px) 100vw, 1024px\" \/><\/figure>\n<\/figure>\n","protected":false},"excerpt":{"rendered":"","protected":false},"author":1,"featured_media":0,"comment_status":"open","ping_status":"open","sticky":false,"template":"","format":"standard","meta":{"footnotes":""},"categories":[1],"tags":[],"class_list":["post-528","post","type-post","status-publish","format-standard","hentry","category-bez-kategorii"],"yoast_head":"<!-- This site is optimized with the Yoast SEO plugin v26.4 - https:\/\/yoast.com\/wordpress\/plugins\/seo\/ -->\n<title>Wiosna na wsi. - Katolickie Stowarzyszenie Opieki nad Dzieckiem i Rodzin\u0105 Imienia \u015aw Alberta<\/title>\n<meta name=\"robots\" content=\"index, follow, max-snippet:-1, max-image-preview:large, max-video-preview:-1\" \/>\n<link rel=\"canonical\" href=\"https:\/\/stowarzyszenie-dzieckoirodzina.pl\/swietlica\/2026\/04\/09\/wiosna-na-wsi\/\" \/>\n<meta property=\"og:locale\" content=\"pl_PL\" \/>\n<meta property=\"og:type\" content=\"article\" \/>\n<meta property=\"og:title\" content=\"Wiosna na wsi. - Katolickie Stowarzyszenie Opieki nad Dzieckiem i Rodzin\u0105 Imienia \u015aw Alberta\" \/>\n<meta property=\"og:url\" content=\"https:\/\/stowarzyszenie-dzieckoirodzina.pl\/swietlica\/2026\/04\/09\/wiosna-na-wsi\/\" \/>\n<meta property=\"og:site_name\" content=\"Katolickie Stowarzyszenie Opieki nad Dzieckiem i Rodzin\u0105 Imienia \u015aw Alberta\" \/>\n<meta property=\"article:published_time\" content=\"2026-04-09T08:55:00+00:00\" \/>\n<meta property=\"article:modified_time\" content=\"2026-04-15T08:55:35+00:00\" \/>\n<meta property=\"og:image\" content=\"https:\/\/stowarzyszenie-dzieckoirodzina.pl\/swietlica\/wp-content\/uploads\/sites\/2\/2026\/04\/PHOTO-2026-04-10-10-07-36.jpg\" \/>\n\t<meta property=\"og:image:width\" content=\"872\" \/>\n\t<meta property=\"og:image:height\" content=\"1349\" \/>\n\t<meta property=\"og:image:type\" content=\"image\/jpeg\" \/>\n<meta name=\"author\" content=\"admin\" \/>\n<meta name=\"twitter:card\" content=\"summary_large_image\" \/>\n<meta name=\"twitter:label1\" content=\"Napisane przez\" \/>\n\t<meta name=\"twitter:data1\" content=\"admin\" \/>\n\t<meta name=\"twitter:label2\" content=\"Szacowany czas czytania\" \/>\n\t<meta name=\"twitter:data2\" content=\"2 minuty\" \/>\n<script type=\"application\/ld+json\" class=\"yoast-schema-graph\">{\"@context\":\"https:\/\/schema.org\",\"@graph\":[{\"@type\":\"WebPage\",\"@id\":\"https:\/\/stowarzyszenie-dzieckoirodzina.pl\/swietlica\/2026\/04\/09\/wiosna-na-wsi\/\",\"url\":\"https:\/\/stowarzyszenie-dzieckoirodzina.pl\/swietlica\/2026\/04\/09\/wiosna-na-wsi\/\",\"name\":\"Wiosna na wsi. - Katolickie Stowarzyszenie Opieki nad Dzieckiem i Rodzin\u0105 Imienia \u015aw Alberta\",\"isPartOf\":{\"@id\":\"https:\/\/stowarzyszenie-dzieckoirodzina.pl\/swietlica\/#website\"},\"primaryImageOfPage\":{\"@id\":\"https:\/\/stowarzyszenie-dzieckoirodzina.pl\/swietlica\/2026\/04\/09\/wiosna-na-wsi\/#primaryimage\"},\"image\":{\"@id\":\"https:\/\/stowarzyszenie-dzieckoirodzina.pl\/swietlica\/2026\/04\/09\/wiosna-na-wsi\/#primaryimage\"},\"thumbnailUrl\":\"https:\/\/stowarzyszenie-dzieckoirodzina.pl\/swietlica\/wp-content\/uploads\/sites\/2\/2026\/04\/PHOTO-2026-04-10-10-07-36-872x1024.jpg\",\"datePublished\":\"2026-04-09T08:55:00+00:00\",\"dateModified\":\"2026-04-15T08:55:35+00:00\",\"author\":{\"@id\":\"https:\/\/stowarzyszenie-dzieckoirodzina.pl\/swietlica\/#\/schema\/person\/6b994e0813ca254c1fd40524374382ec\"},\"breadcrumb\":{\"@id\":\"https:\/\/stowarzyszenie-dzieckoirodzina.pl\/swietlica\/2026\/04\/09\/wiosna-na-wsi\/#breadcrumb\"},\"inLanguage\":\"pl-PL\",\"potentialAction\":[{\"@type\":\"ReadAction\",\"target\":[\"https:\/\/stowarzyszenie-dzieckoirodzina.pl\/swietlica\/2026\/04\/09\/wiosna-na-wsi\/\"]}]},{\"@type\":\"ImageObject\",\"inLanguage\":\"pl-PL\",\"@id\":\"https:\/\/stowarzyszenie-dzieckoirodzina.pl\/swietlica\/2026\/04\/09\/wiosna-na-wsi\/#primaryimage\",\"url\":\"https:\/\/stowarzyszenie-dzieckoirodzina.pl\/swietlica\/wp-content\/uploads\/sites\/2\/2026\/04\/PHOTO-2026-04-10-10-07-36.jpg\",\"contentUrl\":\"https:\/\/stowarzyszenie-dzieckoirodzina.pl\/swietlica\/wp-content\/uploads\/sites\/2\/2026\/04\/PHOTO-2026-04-10-10-07-36.jpg\",\"width\":872,\"height\":1349},{\"@type\":\"BreadcrumbList\",\"@id\":\"https:\/\/stowarzyszenie-dzieckoirodzina.pl\/swietlica\/2026\/04\/09\/wiosna-na-wsi\/#breadcrumb\",\"itemListElement\":[{\"@type\":\"ListItem\",\"position\":1,\"name\":\"Strona g\u0142\u00f3wna\",\"item\":\"https:\/\/stowarzyszenie-dzieckoirodzina.pl\/swietlica\/\"},{\"@type\":\"ListItem\",\"position\":2,\"name\":\"Wiosna na wsi.\"}]},{\"@type\":\"WebSite\",\"@id\":\"https:\/\/stowarzyszenie-dzieckoirodzina.pl\/swietlica\/#website\",\"url\":\"https:\/\/stowarzyszenie-dzieckoirodzina.pl\/swietlica\/\",\"name\":\"Katolickie Stowarzyszenie Opieki nad Dzieckiem i Rodzin\u0105 Imienia \u015aw Alberta\",\"description\":\"T\u0119czowa \u015awietlica\",\"potentialAction\":[{\"@type\":\"SearchAction\",\"target\":{\"@type\":\"EntryPoint\",\"urlTemplate\":\"https:\/\/stowarzyszenie-dzieckoirodzina.pl\/swietlica\/?s={search_term_string}\"},\"query-input\":{\"@type\":\"PropertyValueSpecification\",\"valueRequired\":true,\"valueName\":\"search_term_string\"}}],\"inLanguage\":\"pl-PL\"},{\"@type\":\"Person\",\"@id\":\"https:\/\/stowarzyszenie-dzieckoirodzina.pl\/swietlica\/#\/schema\/person\/6b994e0813ca254c1fd40524374382ec\",\"name\":\"admin\",\"image\":{\"@type\":\"ImageObject\",\"inLanguage\":\"pl-PL\",\"@id\":\"https:\/\/stowarzyszenie-dzieckoirodzina.pl\/swietlica\/#\/schema\/person\/image\/\",\"url\":\"https:\/\/secure.gravatar.com\/avatar\/bd51c076b273c1d464007bff849ae53e27aef06ef27dbb01145a8537bb2bcecb?s=96&d=mm&r=g\",\"contentUrl\":\"https:\/\/secure.gravatar.com\/avatar\/bd51c076b273c1d464007bff849ae53e27aef06ef27dbb01145a8537bb2bcecb?s=96&d=mm&r=g\",\"caption\":\"admin\"},\"sameAs\":[\"http:\/\/stowarzyszenie-dzieckoirodzina.pl\"],\"url\":\"https:\/\/stowarzyszenie-dzieckoirodzina.pl\/swietlica\/author\/admin\/\"}]}<\/script>\n<!-- \/ Yoast SEO plugin. -->","yoast_head_json":{"title":"Wiosna na wsi. - Katolickie Stowarzyszenie Opieki nad Dzieckiem i Rodzin\u0105 Imienia \u015aw Alberta","robots":{"index":"index","follow":"follow","max-snippet":"max-snippet:-1","max-image-preview":"max-image-preview:large","max-video-preview":"max-video-preview:-1"},"canonical":"https:\/\/stowarzyszenie-dzieckoirodzina.pl\/swietlica\/2026\/04\/09\/wiosna-na-wsi\/","og_locale":"pl_PL","og_type":"article","og_title":"Wiosna na wsi. - Katolickie Stowarzyszenie Opieki nad Dzieckiem i Rodzin\u0105 Imienia \u015aw Alberta","og_url":"https:\/\/stowarzyszenie-dzieckoirodzina.pl\/swietlica\/2026\/04\/09\/wiosna-na-wsi\/","og_site_name":"Katolickie Stowarzyszenie Opieki nad Dzieckiem i Rodzin\u0105 Imienia \u015aw Alberta","article_published_time":"2026-04-09T08:55:00+00:00","article_modified_time":"2026-04-15T08:55:35+00:00","og_image":[{"width":872,"height":1349,"url":"https:\/\/stowarzyszenie-dzieckoirodzina.pl\/swietlica\/wp-content\/uploads\/sites\/2\/2026\/04\/PHOTO-2026-04-10-10-07-36.jpg","type":"image\/jpeg"}],"author":"admin","twitter_card":"summary_large_image","twitter_misc":{"Napisane przez":"admin","Szacowany czas czytania":"2 minuty"},"schema":{"@context":"https:\/\/schema.org","@graph":[{"@type":"WebPage","@id":"https:\/\/stowarzyszenie-dzieckoirodzina.pl\/swietlica\/2026\/04\/09\/wiosna-na-wsi\/","url":"https:\/\/stowarzyszenie-dzieckoirodzina.pl\/swietlica\/2026\/04\/09\/wiosna-na-wsi\/","name":"Wiosna na wsi. - Katolickie Stowarzyszenie Opieki nad Dzieckiem i Rodzin\u0105 Imienia \u015aw Alberta","isPartOf":{"@id":"https:\/\/stowarzyszenie-dzieckoirodzina.pl\/swietlica\/#website"},"primaryImageOfPage":{"@id":"https:\/\/stowarzyszenie-dzieckoirodzina.pl\/swietlica\/2026\/04\/09\/wiosna-na-wsi\/#primaryimage"},"image":{"@id":"https:\/\/stowarzyszenie-dzieckoirodzina.pl\/swietlica\/2026\/04\/09\/wiosna-na-wsi\/#primaryimage"},"thumbnailUrl":"https:\/\/stowarzyszenie-dzieckoirodzina.pl\/swietlica\/wp-content\/uploads\/sites\/2\/2026\/04\/PHOTO-2026-04-10-10-07-36-872x1024.jpg","datePublished":"2026-04-09T08:55:00+00:00","dateModified":"2026-04-15T08:55:35+00:00","author":{"@id":"https:\/\/stowarzyszenie-dzieckoirodzina.pl\/swietlica\/#\/schema\/person\/6b994e0813ca254c1fd40524374382ec"},"breadcrumb":{"@id":"https:\/\/stowarzyszenie-dzieckoirodzina.pl\/swietlica\/2026\/04\/09\/wiosna-na-wsi\/#breadcrumb"},"inLanguage":"pl-PL","potentialAction":[{"@type":"ReadAction","target":["https:\/\/stowarzyszenie-dzieckoirodzina.pl\/swietlica\/2026\/04\/09\/wiosna-na-wsi\/"]}]},{"@type":"ImageObject","inLanguage":"pl-PL","@id":"https:\/\/stowarzyszenie-dzieckoirodzina.pl\/swietlica\/2026\/04\/09\/wiosna-na-wsi\/#primaryimage","url":"https:\/\/stowarzyszenie-dzieckoirodzina.pl\/swietlica\/wp-content\/uploads\/sites\/2\/2026\/04\/PHOTO-2026-04-10-10-07-36.jpg","contentUrl":"https:\/\/stowarzyszenie-dzieckoirodzina.pl\/swietlica\/wp-content\/uploads\/sites\/2\/2026\/04\/PHOTO-2026-04-10-10-07-36.jpg","width":872,"height":1349},{"@type":"BreadcrumbList","@id":"https:\/\/stowarzyszenie-dzieckoirodzina.pl\/swietlica\/2026\/04\/09\/wiosna-na-wsi\/#breadcrumb","itemListElement":[{"@type":"ListItem","position":1,"name":"Strona g\u0142\u00f3wna","item":"https:\/\/stowarzyszenie-dzieckoirodzina.pl\/swietlica\/"},{"@type":"ListItem","position":2,"name":"Wiosna na wsi."}]},{"@type":"WebSite","@id":"https:\/\/stowarzyszenie-dzieckoirodzina.pl\/swietlica\/#website","url":"https:\/\/stowarzyszenie-dzieckoirodzina.pl\/swietlica\/","name":"Katolickie Stowarzyszenie Opieki nad Dzieckiem i Rodzin\u0105 Imienia \u015aw Alberta","description":"T\u0119czowa \u015awietlica","potentialAction":[{"@type":"SearchAction","target":{"@type":"EntryPoint","urlTemplate":"https:\/\/stowarzyszenie-dzieckoirodzina.pl\/swietlica\/?s={search_term_string}"},"query-input":{"@type":"PropertyValueSpecification","valueRequired":true,"valueName":"search_term_string"}}],"inLanguage":"pl-PL"},{"@type":"Person","@id":"https:\/\/stowarzyszenie-dzieckoirodzina.pl\/swietlica\/#\/schema\/person\/6b994e0813ca254c1fd40524374382ec","name":"admin","image":{"@type":"ImageObject","inLanguage":"pl-PL","@id":"https:\/\/stowarzyszenie-dzieckoirodzina.pl\/swietlica\/#\/schema\/person\/image\/","url":"https:\/\/secure.gravatar.com\/avatar\/bd51c076b273c1d464007bff849ae53e27aef06ef27dbb01145a8537bb2bcecb?s=96&d=mm&r=g","contentUrl":"https:\/\/secure.gravatar.com\/avatar\/bd51c076b273c1d464007bff849ae53e27aef06ef27dbb01145a8537bb2bcecb?s=96&d=mm&r=g","caption":"admin"},"sameAs":["http:\/\/stowarzyszenie-dzieckoirodzina.pl"],"url":"https:\/\/stowarzyszenie-dzieckoirodzina.pl\/swietlica\/author\/admin\/"}]}},"_links":{"self":[{"href":"https:\/\/stowarzyszenie-dzieckoirodzina.pl\/swietlica\/wp-json\/wp\/v2\/posts\/528","targetHints":{"allow":["GET"]}}],"collection":[{"href":"https:\/\/stowarzyszenie-dzieckoirodzina.pl\/swietlica\/wp-json\/wp\/v2\/posts"}],"about":[{"href":"https:\/\/stowarzyszenie-dzieckoirodzina.pl\/swietlica\/wp-json\/wp\/v2\/types\/post"}],"author":[{"embeddable":true,"href":"https:\/\/stowarzyszenie-dzieckoirodzina.pl\/swietlica\/wp-json\/wp\/v2\/users\/1"}],"replies":[{"embeddable":true,"href":"https:\/\/stowarzyszenie-dzieckoirodzina.pl\/swietlica\/wp-json\/wp\/v2\/comments?post=528"}],"version-history":[{"count":1,"href":"https:\/\/stowarzyszenie-dzieckoirodzina.pl\/swietlica\/wp-json\/wp\/v2\/posts\/528\/revisions"}],"predecessor-version":[{"id":529,"href":"https:\/\/stowarzyszenie-dzieckoirodzina.pl\/swietlica\/wp-json\/wp\/v2\/posts\/528\/revisions\/529"}],"wp:attachment":[{"href":"https:\/\/stowarzyszenie-dzieckoirodzina.pl\/swietlica\/wp-json\/wp\/v2\/media?parent=528"}],"wp:term":[{"taxonomy":"category","embeddable":true,"href":"https:\/\/stowarzyszenie-dzieckoirodzina.pl\/swietlica\/wp-json\/wp\/v2\/categories?post=528"},{"taxonomy":"post_tag","embeddable":true,"href":"https:\/\/stowarzyszenie-dzieckoirodzina.pl\/swietlica\/wp-json\/wp\/v2\/tags?post=528"}],"curies":[{"name":"wp","href":"https:\/\/api.w.org\/{rel}","templated":true}]}}