{"id":557,"date":"2026-04-20T11:41:56","date_gmt":"2026-04-20T09:41:56","guid":{"rendered":"https:\/\/stowarzyszenie-dzieckoirodzina.pl\/swietlica\/?p=557"},"modified":"2026-04-27T11:43:20","modified_gmt":"2026-04-27T09:43:20","slug":"ekologia-wazna-sprawa","status":"publish","type":"post","link":"https:\/\/stowarzyszenie-dzieckoirodzina.pl\/swietlica\/2026\/04\/20\/ekologia-wazna-sprawa\/","title":{"rendered":"Ekologia &#8211; wa\u017cna sprawa."},"content":{"rendered":"\n<figure class=\"wp-block-gallery has-nested-images columns-default is-cropped wp-block-gallery-1 is-layout-flex wp-block-gallery-is-layout-flex\">\n<figure class=\"wp-block-image size-large\"><img fetchpriority=\"high\" decoding=\"async\" width=\"1024\" height=\"1024\" data-id=\"536\" src=\"https:\/\/stowarzyszenie-dzieckoirodzina.pl\/swietlica\/wp-content\/uploads\/sites\/2\/2026\/04\/PHOTO-2026-04-24-11-54-261-1024x1024.jpg\" alt=\"\" class=\"wp-image-536\" srcset=\"https:\/\/stowarzyszenie-dzieckoirodzina.pl\/swietlica\/wp-content\/uploads\/sites\/2\/2026\/04\/PHOTO-2026-04-24-11-54-261-1024x1024.jpg 1024w, https:\/\/stowarzyszenie-dzieckoirodzina.pl\/swietlica\/wp-content\/uploads\/sites\/2\/2026\/04\/PHOTO-2026-04-24-11-54-261-300x300.jpg 300w, https:\/\/stowarzyszenie-dzieckoirodzina.pl\/swietlica\/wp-content\/uploads\/sites\/2\/2026\/04\/PHOTO-2026-04-24-11-54-261-150x150.jpg 150w, https:\/\/stowarzyszenie-dzieckoirodzina.pl\/swietlica\/wp-content\/uploads\/sites\/2\/2026\/04\/PHOTO-2026-04-24-11-54-261-768x768.jpg 768w\" sizes=\"(max-width: 1024px) 100vw, 1024px\" \/><\/figure>\n\n\n\n<figure class=\"wp-block-image size-large\"><img decoding=\"async\" width=\"1024\" height=\"1024\" data-id=\"540\" src=\"https:\/\/stowarzyszenie-dzieckoirodzina.pl\/swietlica\/wp-content\/uploads\/sites\/2\/2026\/04\/PHOTO-2026-04-24-11-54-282-1024x1024.jpg\" alt=\"\" class=\"wp-image-540\" srcset=\"https:\/\/stowarzyszenie-dzieckoirodzina.pl\/swietlica\/wp-content\/uploads\/sites\/2\/2026\/04\/PHOTO-2026-04-24-11-54-282-1024x1024.jpg 1024w, https:\/\/stowarzyszenie-dzieckoirodzina.pl\/swietlica\/wp-content\/uploads\/sites\/2\/2026\/04\/PHOTO-2026-04-24-11-54-282-300x300.jpg 300w, https:\/\/stowarzyszenie-dzieckoirodzina.pl\/swietlica\/wp-content\/uploads\/sites\/2\/2026\/04\/PHOTO-2026-04-24-11-54-282-150x150.jpg 150w, https:\/\/stowarzyszenie-dzieckoirodzina.pl\/swietlica\/wp-content\/uploads\/sites\/2\/2026\/04\/PHOTO-2026-04-24-11-54-282-768x768.jpg 768w\" sizes=\"(max-width: 1024px) 100vw, 1024px\" \/><\/figure>\n\n\n\n<figure class=\"wp-block-image size-large\"><img decoding=\"async\" width=\"909\" height=\"1024\" data-id=\"542\" src=\"https:\/\/stowarzyszenie-dzieckoirodzina.pl\/swietlica\/wp-content\/uploads\/sites\/2\/2026\/04\/PHOTO-2026-04-24-11-54-291-909x1024.jpg\" alt=\"\" class=\"wp-image-542\"\/><\/figure>\n\n\n\n<figure class=\"wp-block-image size-large\"><img loading=\"lazy\" decoding=\"async\" width=\"1024\" height=\"1024\" data-id=\"541\" src=\"https:\/\/stowarzyszenie-dzieckoirodzina.pl\/swietlica\/wp-content\/uploads\/sites\/2\/2026\/04\/PHOTO-2026-04-24-11-54-28-1024x1024.jpg\" alt=\"\" class=\"wp-image-541\" srcset=\"https:\/\/stowarzyszenie-dzieckoirodzina.pl\/swietlica\/wp-content\/uploads\/sites\/2\/2026\/04\/PHOTO-2026-04-24-11-54-28-1024x1024.jpg 1024w, https:\/\/stowarzyszenie-dzieckoirodzina.pl\/swietlica\/wp-content\/uploads\/sites\/2\/2026\/04\/PHOTO-2026-04-24-11-54-28-300x300.jpg 300w, https:\/\/stowarzyszenie-dzieckoirodzina.pl\/swietlica\/wp-content\/uploads\/sites\/2\/2026\/04\/PHOTO-2026-04-24-11-54-28-150x150.jpg 150w, https:\/\/stowarzyszenie-dzieckoirodzina.pl\/swietlica\/wp-content\/uploads\/sites\/2\/2026\/04\/PHOTO-2026-04-24-11-54-28-768x768.jpg 768w\" sizes=\"(max-width: 1024px) 100vw, 1024px\" \/><\/figure>\n\n\n\n<figure class=\"wp-block-image size-large\"><img loading=\"lazy\" decoding=\"async\" width=\"1024\" height=\"1024\" data-id=\"539\" src=\"https:\/\/stowarzyszenie-dzieckoirodzina.pl\/swietlica\/wp-content\/uploads\/sites\/2\/2026\/04\/PHOTO-2026-04-24-11-54-281-1024x1024.jpg\" alt=\"\" class=\"wp-image-539\" srcset=\"https:\/\/stowarzyszenie-dzieckoirodzina.pl\/swietlica\/wp-content\/uploads\/sites\/2\/2026\/04\/PHOTO-2026-04-24-11-54-281-1024x1024.jpg 1024w, https:\/\/stowarzyszenie-dzieckoirodzina.pl\/swietlica\/wp-content\/uploads\/sites\/2\/2026\/04\/PHOTO-2026-04-24-11-54-281-300x300.jpg 300w, https:\/\/stowarzyszenie-dzieckoirodzina.pl\/swietlica\/wp-content\/uploads\/sites\/2\/2026\/04\/PHOTO-2026-04-24-11-54-281-150x150.jpg 150w, https:\/\/stowarzyszenie-dzieckoirodzina.pl\/swietlica\/wp-content\/uploads\/sites\/2\/2026\/04\/PHOTO-2026-04-24-11-54-281-768x768.jpg 768w\" sizes=\"(max-width: 1024px) 100vw, 1024px\" \/><\/figure>\n\n\n\n<figure class=\"wp-block-image size-large\"><img loading=\"lazy\" decoding=\"async\" width=\"981\" height=\"823\" data-id=\"538\" src=\"https:\/\/stowarzyszenie-dzieckoirodzina.pl\/swietlica\/wp-content\/uploads\/sites\/2\/2026\/04\/PHOTO-2026-04-24-11-54-27.jpg\" alt=\"\" class=\"wp-image-538\"\/><\/figure>\n\n\n\n<figure class=\"wp-block-image size-large\"><img loading=\"lazy\" decoding=\"async\" width=\"1024\" height=\"992\" data-id=\"537\" src=\"https:\/\/stowarzyszenie-dzieckoirodzina.pl\/swietlica\/wp-content\/uploads\/sites\/2\/2026\/04\/PHOTO-2026-04-24-11-54-26-1024x992.jpg\" alt=\"\" class=\"wp-image-537\"\/><\/figure>\n\n\n\n<figure class=\"wp-block-image size-large\"><img loading=\"lazy\" decoding=\"async\" width=\"1024\" height=\"1024\" data-id=\"543\" src=\"https:\/\/stowarzyszenie-dzieckoirodzina.pl\/swietlica\/wp-content\/uploads\/sites\/2\/2026\/04\/PHOTO-2026-04-24-11-54-29-1024x1024.jpg\" alt=\"\" class=\"wp-image-543\" srcset=\"https:\/\/stowarzyszenie-dzieckoirodzina.pl\/swietlica\/wp-content\/uploads\/sites\/2\/2026\/04\/PHOTO-2026-04-24-11-54-29-1024x1024.jpg 1024w, https:\/\/stowarzyszenie-dzieckoirodzina.pl\/swietlica\/wp-content\/uploads\/sites\/2\/2026\/04\/PHOTO-2026-04-24-11-54-29-300x300.jpg 300w, https:\/\/stowarzyszenie-dzieckoirodzina.pl\/swietlica\/wp-content\/uploads\/sites\/2\/2026\/04\/PHOTO-2026-04-24-11-54-29-150x150.jpg 150w, https:\/\/stowarzyszenie-dzieckoirodzina.pl\/swietlica\/wp-content\/uploads\/sites\/2\/2026\/04\/PHOTO-2026-04-24-11-54-29-768x768.jpg 768w\" sizes=\"(max-width: 1024px) 100vw, 1024px\" \/><\/figure>\n<\/figure>\n","protected":false},"excerpt":{"rendered":"","protected":false},"author":1,"featured_media":0,"comment_status":"open","ping_status":"open","sticky":false,"template":"","format":"standard","meta":{"footnotes":""},"categories":[1],"tags":[],"class_list":["post-557","post","type-post","status-publish","format-standard","hentry","category-bez-kategorii"],"yoast_head":"<!-- This site is optimized with the Yoast SEO plugin v26.4 - https:\/\/yoast.com\/wordpress\/plugins\/seo\/ -->\n<title>Ekologia - wa\u017cna sprawa. - Katolickie Stowarzyszenie Opieki nad Dzieckiem i Rodzin\u0105 Imienia \u015aw Alberta<\/title>\n<meta name=\"robots\" content=\"index, follow, max-snippet:-1, max-image-preview:large, max-video-preview:-1\" \/>\n<link rel=\"canonical\" href=\"https:\/\/stowarzyszenie-dzieckoirodzina.pl\/swietlica\/2026\/04\/20\/ekologia-wazna-sprawa\/\" \/>\n<meta property=\"og:locale\" content=\"pl_PL\" \/>\n<meta property=\"og:type\" content=\"article\" \/>\n<meta property=\"og:title\" content=\"Ekologia - wa\u017cna sprawa. - Katolickie Stowarzyszenie Opieki nad Dzieckiem i Rodzin\u0105 Imienia \u015aw Alberta\" \/>\n<meta property=\"og:url\" content=\"https:\/\/stowarzyszenie-dzieckoirodzina.pl\/swietlica\/2026\/04\/20\/ekologia-wazna-sprawa\/\" \/>\n<meta property=\"og:site_name\" content=\"Katolickie Stowarzyszenie Opieki nad Dzieckiem i Rodzin\u0105 Imienia \u015aw Alberta\" \/>\n<meta property=\"article:published_time\" content=\"2026-04-20T09:41:56+00:00\" \/>\n<meta property=\"article:modified_time\" content=\"2026-04-27T09:43:20+00:00\" \/>\n<meta property=\"og:image\" content=\"https:\/\/stowarzyszenie-dzieckoirodzina.pl\/swietlica\/wp-content\/uploads\/sites\/2\/2026\/04\/PHOTO-2026-04-24-11-54-261.jpg\" \/>\n\t<meta property=\"og:image:width\" content=\"1157\" \/>\n\t<meta property=\"og:image:height\" content=\"1334\" \/>\n\t<meta property=\"og:image:type\" content=\"image\/jpeg\" \/>\n<meta name=\"author\" content=\"admin\" \/>\n<meta name=\"twitter:card\" content=\"summary_large_image\" \/>\n<meta name=\"twitter:label1\" content=\"Napisane przez\" \/>\n\t<meta name=\"twitter:data1\" content=\"admin\" \/>\n\t<meta name=\"twitter:label2\" content=\"Szacowany czas czytania\" \/>\n\t<meta name=\"twitter:data2\" content=\"2 minuty\" \/>\n<script type=\"application\/ld+json\" class=\"yoast-schema-graph\">{\"@context\":\"https:\/\/schema.org\",\"@graph\":[{\"@type\":\"WebPage\",\"@id\":\"https:\/\/stowarzyszenie-dzieckoirodzina.pl\/swietlica\/2026\/04\/20\/ekologia-wazna-sprawa\/\",\"url\":\"https:\/\/stowarzyszenie-dzieckoirodzina.pl\/swietlica\/2026\/04\/20\/ekologia-wazna-sprawa\/\",\"name\":\"Ekologia - wa\u017cna sprawa. - Katolickie Stowarzyszenie Opieki nad Dzieckiem i Rodzin\u0105 Imienia \u015aw Alberta\",\"isPartOf\":{\"@id\":\"https:\/\/stowarzyszenie-dzieckoirodzina.pl\/swietlica\/#website\"},\"primaryImageOfPage\":{\"@id\":\"https:\/\/stowarzyszenie-dzieckoirodzina.pl\/swietlica\/2026\/04\/20\/ekologia-wazna-sprawa\/#primaryimage\"},\"image\":{\"@id\":\"https:\/\/stowarzyszenie-dzieckoirodzina.pl\/swietlica\/2026\/04\/20\/ekologia-wazna-sprawa\/#primaryimage\"},\"thumbnailUrl\":\"https:\/\/stowarzyszenie-dzieckoirodzina.pl\/swietlica\/wp-content\/uploads\/sites\/2\/2026\/04\/PHOTO-2026-04-24-11-54-261-1024x1024.jpg\",\"datePublished\":\"2026-04-20T09:41:56+00:00\",\"dateModified\":\"2026-04-27T09:43:20+00:00\",\"author\":{\"@id\":\"https:\/\/stowarzyszenie-dzieckoirodzina.pl\/swietlica\/#\/schema\/person\/6b994e0813ca254c1fd40524374382ec\"},\"breadcrumb\":{\"@id\":\"https:\/\/stowarzyszenie-dzieckoirodzina.pl\/swietlica\/2026\/04\/20\/ekologia-wazna-sprawa\/#breadcrumb\"},\"inLanguage\":\"pl-PL\",\"potentialAction\":[{\"@type\":\"ReadAction\",\"target\":[\"https:\/\/stowarzyszenie-dzieckoirodzina.pl\/swietlica\/2026\/04\/20\/ekologia-wazna-sprawa\/\"]}]},{\"@type\":\"ImageObject\",\"inLanguage\":\"pl-PL\",\"@id\":\"https:\/\/stowarzyszenie-dzieckoirodzina.pl\/swietlica\/2026\/04\/20\/ekologia-wazna-sprawa\/#primaryimage\",\"url\":\"https:\/\/stowarzyszenie-dzieckoirodzina.pl\/swietlica\/wp-content\/uploads\/sites\/2\/2026\/04\/PHOTO-2026-04-24-11-54-261.jpg\",\"contentUrl\":\"https:\/\/stowarzyszenie-dzieckoirodzina.pl\/swietlica\/wp-content\/uploads\/sites\/2\/2026\/04\/PHOTO-2026-04-24-11-54-261.jpg\",\"width\":1157,\"height\":1334},{\"@type\":\"BreadcrumbList\",\"@id\":\"https:\/\/stowarzyszenie-dzieckoirodzina.pl\/swietlica\/2026\/04\/20\/ekologia-wazna-sprawa\/#breadcrumb\",\"itemListElement\":[{\"@type\":\"ListItem\",\"position\":1,\"name\":\"Strona g\u0142\u00f3wna\",\"item\":\"https:\/\/stowarzyszenie-dzieckoirodzina.pl\/swietlica\/\"},{\"@type\":\"ListItem\",\"position\":2,\"name\":\"Ekologia &#8211; wa\u017cna sprawa.\"}]},{\"@type\":\"WebSite\",\"@id\":\"https:\/\/stowarzyszenie-dzieckoirodzina.pl\/swietlica\/#website\",\"url\":\"https:\/\/stowarzyszenie-dzieckoirodzina.pl\/swietlica\/\",\"name\":\"Katolickie Stowarzyszenie Opieki nad Dzieckiem i Rodzin\u0105 Imienia \u015aw Alberta\",\"description\":\"T\u0119czowa \u015awietlica\",\"potentialAction\":[{\"@type\":\"SearchAction\",\"target\":{\"@type\":\"EntryPoint\",\"urlTemplate\":\"https:\/\/stowarzyszenie-dzieckoirodzina.pl\/swietlica\/?s={search_term_string}\"},\"query-input\":{\"@type\":\"PropertyValueSpecification\",\"valueRequired\":true,\"valueName\":\"search_term_string\"}}],\"inLanguage\":\"pl-PL\"},{\"@type\":\"Person\",\"@id\":\"https:\/\/stowarzyszenie-dzieckoirodzina.pl\/swietlica\/#\/schema\/person\/6b994e0813ca254c1fd40524374382ec\",\"name\":\"admin\",\"image\":{\"@type\":\"ImageObject\",\"inLanguage\":\"pl-PL\",\"@id\":\"https:\/\/stowarzyszenie-dzieckoirodzina.pl\/swietlica\/#\/schema\/person\/image\/\",\"url\":\"https:\/\/secure.gravatar.com\/avatar\/bd51c076b273c1d464007bff849ae53e27aef06ef27dbb01145a8537bb2bcecb?s=96&d=mm&r=g\",\"contentUrl\":\"https:\/\/secure.gravatar.com\/avatar\/bd51c076b273c1d464007bff849ae53e27aef06ef27dbb01145a8537bb2bcecb?s=96&d=mm&r=g\",\"caption\":\"admin\"},\"sameAs\":[\"http:\/\/stowarzyszenie-dzieckoirodzina.pl\"],\"url\":\"https:\/\/stowarzyszenie-dzieckoirodzina.pl\/swietlica\/author\/admin\/\"}]}<\/script>\n<!-- \/ Yoast SEO plugin. -->","yoast_head_json":{"title":"Ekologia - wa\u017cna sprawa. - Katolickie Stowarzyszenie Opieki nad Dzieckiem i Rodzin\u0105 Imienia \u015aw Alberta","robots":{"index":"index","follow":"follow","max-snippet":"max-snippet:-1","max-image-preview":"max-image-preview:large","max-video-preview":"max-video-preview:-1"},"canonical":"https:\/\/stowarzyszenie-dzieckoirodzina.pl\/swietlica\/2026\/04\/20\/ekologia-wazna-sprawa\/","og_locale":"pl_PL","og_type":"article","og_title":"Ekologia - wa\u017cna sprawa. - Katolickie Stowarzyszenie Opieki nad Dzieckiem i Rodzin\u0105 Imienia \u015aw Alberta","og_url":"https:\/\/stowarzyszenie-dzieckoirodzina.pl\/swietlica\/2026\/04\/20\/ekologia-wazna-sprawa\/","og_site_name":"Katolickie Stowarzyszenie Opieki nad Dzieckiem i Rodzin\u0105 Imienia \u015aw Alberta","article_published_time":"2026-04-20T09:41:56+00:00","article_modified_time":"2026-04-27T09:43:20+00:00","og_image":[{"width":1157,"height":1334,"url":"https:\/\/stowarzyszenie-dzieckoirodzina.pl\/swietlica\/wp-content\/uploads\/sites\/2\/2026\/04\/PHOTO-2026-04-24-11-54-261.jpg","type":"image\/jpeg"}],"author":"admin","twitter_card":"summary_large_image","twitter_misc":{"Napisane przez":"admin","Szacowany czas czytania":"2 minuty"},"schema":{"@context":"https:\/\/schema.org","@graph":[{"@type":"WebPage","@id":"https:\/\/stowarzyszenie-dzieckoirodzina.pl\/swietlica\/2026\/04\/20\/ekologia-wazna-sprawa\/","url":"https:\/\/stowarzyszenie-dzieckoirodzina.pl\/swietlica\/2026\/04\/20\/ekologia-wazna-sprawa\/","name":"Ekologia - wa\u017cna sprawa. - Katolickie Stowarzyszenie Opieki nad Dzieckiem i Rodzin\u0105 Imienia \u015aw Alberta","isPartOf":{"@id":"https:\/\/stowarzyszenie-dzieckoirodzina.pl\/swietlica\/#website"},"primaryImageOfPage":{"@id":"https:\/\/stowarzyszenie-dzieckoirodzina.pl\/swietlica\/2026\/04\/20\/ekologia-wazna-sprawa\/#primaryimage"},"image":{"@id":"https:\/\/stowarzyszenie-dzieckoirodzina.pl\/swietlica\/2026\/04\/20\/ekologia-wazna-sprawa\/#primaryimage"},"thumbnailUrl":"https:\/\/stowarzyszenie-dzieckoirodzina.pl\/swietlica\/wp-content\/uploads\/sites\/2\/2026\/04\/PHOTO-2026-04-24-11-54-261-1024x1024.jpg","datePublished":"2026-04-20T09:41:56+00:00","dateModified":"2026-04-27T09:43:20+00:00","author":{"@id":"https:\/\/stowarzyszenie-dzieckoirodzina.pl\/swietlica\/#\/schema\/person\/6b994e0813ca254c1fd40524374382ec"},"breadcrumb":{"@id":"https:\/\/stowarzyszenie-dzieckoirodzina.pl\/swietlica\/2026\/04\/20\/ekologia-wazna-sprawa\/#breadcrumb"},"inLanguage":"pl-PL","potentialAction":[{"@type":"ReadAction","target":["https:\/\/stowarzyszenie-dzieckoirodzina.pl\/swietlica\/2026\/04\/20\/ekologia-wazna-sprawa\/"]}]},{"@type":"ImageObject","inLanguage":"pl-PL","@id":"https:\/\/stowarzyszenie-dzieckoirodzina.pl\/swietlica\/2026\/04\/20\/ekologia-wazna-sprawa\/#primaryimage","url":"https:\/\/stowarzyszenie-dzieckoirodzina.pl\/swietlica\/wp-content\/uploads\/sites\/2\/2026\/04\/PHOTO-2026-04-24-11-54-261.jpg","contentUrl":"https:\/\/stowarzyszenie-dzieckoirodzina.pl\/swietlica\/wp-content\/uploads\/sites\/2\/2026\/04\/PHOTO-2026-04-24-11-54-261.jpg","width":1157,"height":1334},{"@type":"BreadcrumbList","@id":"https:\/\/stowarzyszenie-dzieckoirodzina.pl\/swietlica\/2026\/04\/20\/ekologia-wazna-sprawa\/#breadcrumb","itemListElement":[{"@type":"ListItem","position":1,"name":"Strona g\u0142\u00f3wna","item":"https:\/\/stowarzyszenie-dzieckoirodzina.pl\/swietlica\/"},{"@type":"ListItem","position":2,"name":"Ekologia &#8211; wa\u017cna sprawa."}]},{"@type":"WebSite","@id":"https:\/\/stowarzyszenie-dzieckoirodzina.pl\/swietlica\/#website","url":"https:\/\/stowarzyszenie-dzieckoirodzina.pl\/swietlica\/","name":"Katolickie Stowarzyszenie Opieki nad Dzieckiem i Rodzin\u0105 Imienia \u015aw Alberta","description":"T\u0119czowa \u015awietlica","potentialAction":[{"@type":"SearchAction","target":{"@type":"EntryPoint","urlTemplate":"https:\/\/stowarzyszenie-dzieckoirodzina.pl\/swietlica\/?s={search_term_string}"},"query-input":{"@type":"PropertyValueSpecification","valueRequired":true,"valueName":"search_term_string"}}],"inLanguage":"pl-PL"},{"@type":"Person","@id":"https:\/\/stowarzyszenie-dzieckoirodzina.pl\/swietlica\/#\/schema\/person\/6b994e0813ca254c1fd40524374382ec","name":"admin","image":{"@type":"ImageObject","inLanguage":"pl-PL","@id":"https:\/\/stowarzyszenie-dzieckoirodzina.pl\/swietlica\/#\/schema\/person\/image\/","url":"https:\/\/secure.gravatar.com\/avatar\/bd51c076b273c1d464007bff849ae53e27aef06ef27dbb01145a8537bb2bcecb?s=96&d=mm&r=g","contentUrl":"https:\/\/secure.gravatar.com\/avatar\/bd51c076b273c1d464007bff849ae53e27aef06ef27dbb01145a8537bb2bcecb?s=96&d=mm&r=g","caption":"admin"},"sameAs":["http:\/\/stowarzyszenie-dzieckoirodzina.pl"],"url":"https:\/\/stowarzyszenie-dzieckoirodzina.pl\/swietlica\/author\/admin\/"}]}},"_links":{"self":[{"href":"https:\/\/stowarzyszenie-dzieckoirodzina.pl\/swietlica\/wp-json\/wp\/v2\/posts\/557","targetHints":{"allow":["GET"]}}],"collection":[{"href":"https:\/\/stowarzyszenie-dzieckoirodzina.pl\/swietlica\/wp-json\/wp\/v2\/posts"}],"about":[{"href":"https:\/\/stowarzyszenie-dzieckoirodzina.pl\/swietlica\/wp-json\/wp\/v2\/types\/post"}],"author":[{"embeddable":true,"href":"https:\/\/stowarzyszenie-dzieckoirodzina.pl\/swietlica\/wp-json\/wp\/v2\/users\/1"}],"replies":[{"embeddable":true,"href":"https:\/\/stowarzyszenie-dzieckoirodzina.pl\/swietlica\/wp-json\/wp\/v2\/comments?post=557"}],"version-history":[{"count":1,"href":"https:\/\/stowarzyszenie-dzieckoirodzina.pl\/swietlica\/wp-json\/wp\/v2\/posts\/557\/revisions"}],"predecessor-version":[{"id":558,"href":"https:\/\/stowarzyszenie-dzieckoirodzina.pl\/swietlica\/wp-json\/wp\/v2\/posts\/557\/revisions\/558"}],"wp:attachment":[{"href":"https:\/\/stowarzyszenie-dzieckoirodzina.pl\/swietlica\/wp-json\/wp\/v2\/media?parent=557"}],"wp:term":[{"taxonomy":"category","embeddable":true,"href":"https:\/\/stowarzyszenie-dzieckoirodzina.pl\/swietlica\/wp-json\/wp\/v2\/categories?post=557"},{"taxonomy":"post_tag","embeddable":true,"href":"https:\/\/stowarzyszenie-dzieckoirodzina.pl\/swietlica\/wp-json\/wp\/v2\/tags?post=557"}],"curies":[{"name":"wp","href":"https:\/\/api.w.org\/{rel}","templated":true}]}}